{"id":624315,"date":"2024-06-28T00:02:45","date_gmt":"2024-06-28T06:02:45","guid":{"rendered":"https:\/\/www.diarioimagen.net\/?p=624315"},"modified":"2024-06-28T01:42:51","modified_gmt":"2024-06-28T07:42:51","slug":"con-nuevos-nombramientos-sheinbaum-paga-favores-en-el-gobierno-de-la-cdmx","status":"publish","type":"post","link":"https:\/\/www.diarioimagen.net\/?p=624315","title":{"rendered":"Con nuevos nombramientos, Sheinbaum paga favores en\u00a0el\u00a0Gobierno de la CDMX"},"content":{"rendered":"<h2>La Retaguardia<\/h2>\n<h5>Adriana Moreno Cordero<\/h5>\n<p>&nbsp;<\/p>\n<ul>\n<li><strong><em>El que polariza y ataca al Poder Judicial, es L\u00f3pez Obrador<\/em><\/strong><\/li>\n<\/ul>\n<p>&nbsp;<\/p>\n<p>En comparaci\u00f3n con el primero, el segundo bloque de funcionarios que present\u00f3 la virtual Presidenta Electa, <strong>Claudia Sheinbaum<\/strong>, para formar parte de su gabinete, fue muy inferior al primero. Tal parece que se limit\u00f3 a pagar a quienes estuvieron colaborando con ella cuando se desempe\u00f1\u00f3 como jefa de Gobierno de la Ciudad de M\u00e9xico, porque algunos perfiles resultaron totalmente desconocidos.<\/p>\n<p>En esta ocasi\u00f3n, la futura Presidenta de M\u00e9xico no ley\u00f3 el curr\u00edculum de cada uno de estos nuevos funcionarios, se limit\u00f3 a nombrarlos y a anunciar que el ratificado secretario de Hacienda, <strong>Rogelio Ram\u00edrez de la O,<\/strong> no pudo estar presente por atender labores de su cargo. Seg\u00fan se sabe, viaj\u00f3 a Londres para intentar calmar a los inversionistas que definitivamente, s\u00ed est\u00e1n inquietos no s\u00f3lo por la reforma al Poder Judicial.<\/p>\n<p>Se ve que a Sheinbaum Pardo, le est\u00e1 costando mucho trabajo -y es que los compromisos son muchos- seleccionar a los perfiles id\u00f3neos para ocupar las secretar\u00edas de la Defensa Nacional; la de Marina; Gobernaci\u00f3n y la Secretar\u00eda de Seguridad y Protecci\u00f3n Ciudadana, \u00e9sta \u00faltima donde <strong>Omar Garc\u00eda Harfuch<\/strong> sigue m\u00e1s que apuntado.<\/p>\n<p>Lo m\u00e1s probable es que la futura Presidenta del pa\u00eds, en estos momentos se encuentre muy pendiente de la instrucci\u00f3n que pueda surgir de Palacio Nacional, pues hay que recordar que precisamente de ah\u00ed sale el \u201cpalomeo\u201d, aunque tambi\u00e9n hay que negociar y dada la vehemencia del Presidente&#8230;<\/p>\n<p>Por las primeras opiniones de los reci\u00e9n nombrados funcionarios, se infiere que ellos y ellas tambi\u00e9n traen la \u201cl\u00ednea\u201d del continuismo y no est\u00e1n dispuestos a salirse de ah\u00ed.<\/p>\n<p>A la secretar\u00eda de la Funci\u00f3n P\u00fablica lleg\u00f3 <strong>Raquel Buenrostro<\/strong> y con esto, Sheinbaum env\u00eda el mensaje de que pone ah\u00ed a la polic\u00eda. Los especialistas consideran que la a\u00fan secretaria de Econom\u00eda ser\u00e1 \u201cun acicate\u201d una \u201cmano dura\u201d en la que m\u00e1s de un funcionario que tenga alg\u00fan problemilla con aquello de la corrupci\u00f3n, tendr\u00eda que estar muy nervioso.<\/p>\n<p>\u00bfSer\u00e1?, porque el puesto donde estar\u00e1 Raquel Buenrostro se presta tambi\u00e9n a otras cosas y m\u00e1s a\u00fan si se sigue por el continuismo.<\/p>\n<p>Como se recordar\u00e1, en cuanto Claudia Sheinbaum fue electa el pasado 2 de junio<strong>, Luz Elena Gonz\u00e1lez Escobar<\/strong> renunci\u00f3 a su puesto en el gobierno capitalino como secretaria de Finanzas a nivel local y ahora es la futura secretaria de Energ\u00eda que se comprometi\u00f3 a cuidar la soberan\u00eda energ\u00e9tica y por ende, a Pemex, o sea, a echarle m\u00e1s dinero bueno al malo pero, \u00bfde d\u00f3nde lo ir\u00e1n a sacar? Y por cierto, \u00bfcu\u00e1ndo llegar\u00e1 el momento en que la gasolina tenga un precio de 10 pesos?, que le pregunten a la senadora <strong>Citlalli Hern\u00e1ndez<\/strong>.<\/p>\n<p>Se comenta en los pasillos especializados en el tema que la primera \u201cprueba de fuego\u201d ser\u00e1 ver c\u00f3mo aborda la reforma energ\u00e9tica que ya se prepara en el Congreso y que plantea -muy al estilo lopezobradorista, desaparecer tanto la Comisi\u00f3n Reguladora de Energ\u00eda como la Comisi\u00f3n Reguladora de Hidrocarburos, que tienen como objetivo vigilar a alrededor de\u00a0 23 mil empresas del sector.<\/p>\n<p>Por su parte, el pr\u00f3ximo\u00a0Secretario de Infraestructura, Comunicaciones y Transportes<strong>\u00a0(<\/strong>SICT),\u00a0<strong>Jes\u00fas Esteva<\/strong>, asumi\u00f3 el compromiso de seguir trabajando ni m\u00e1s ni menos que con la Secretar\u00eda de la Defensa Nacional, (Sedena).<\/p>\n<p>Algo que llam\u00f3 la atenci\u00f3n de quien ser\u00e1 el Secretario de Salud,\u00a0<strong>David Kershenobich<\/strong>, es que de alguna manera dir\u00edase que se deslind\u00f3 de aquello de que M\u00e9xico tenga un sistema de salud que Dinamarca, como lo ha venido anunciado el presidente Andr\u00e9s Manuel L\u00f3pez Obrador en una m\u00e1s de sus floridas ocurrencias.<\/p>\n<p>\u201cYo no s\u00e9 si necesariamente como Dinamarca, pero de que vamos a avanzar en tener un\u00a0<strong>sistema de salud s\u00f3lido<\/strong>\u00a0y que pueda durar con mucho tiempo para adelante, s\u00ed\u201d, respondi\u00f3 Kershenobich.<\/p>\n<p style=\"text-align: center;\"><strong>Municiones<\/strong><\/p>\n<p>*** Finalmente, <strong>Gerardo Fern\u00e1ndez Noro\u00f1a<\/strong> se reuni\u00f3 con Claudia Sheinbaum y a su salida, dijo que la futura Presidenta le hab\u00eda ofrecido algo, pero se resisti\u00f3 a decir qu\u00e9 era: \u201cSi no lo voy a aceptar para qu\u00e9 lo digo y si lo acepto tambi\u00e9n para qu\u00e9 lo digo, lo voy a pensar (&#8230;), ya dije, ya dije que\u00a0yo me voy a quedar en el Senado<strong>\u201d<\/strong>. Por lo dem\u00e1s, el diputado petista exhibe toda su incongruencia, pues al principio, muy indignado porque Morena y compa\u00f1\u00eda lo \u201cpeluse\u00f3\u201d dijo que les devolver\u00eda la senadur\u00eda plurinominal y que se dedicar\u00eda a vender libros, pero \u00a1qu\u00e9 va a soltar el hueso!, se aferra a \u00e9l con u\u00f1as y dientes, as\u00ed que lo que mejor que podr\u00eda hacer es ya no estarse quejando.<\/p>\n<p>*** En septiembre de este a\u00f1o, se cumplir\u00e1n 10 a\u00f1os de la desaparici\u00f3n de los estudiantes normalistas de Ayotzinapa y para esa fecha, L\u00f3pez Obrador estar\u00e1 a d\u00edas de entregar a su sucesora la estafeta. Desde sus tiempos de candidato, el tabasque\u00f1o prometi\u00f3 arreglar ese asunto; el tiempo pas\u00f3 y los padres y madres de los estudiantes le reclamaron que no lo hubiera hecho, como tampoco entreg\u00f3 los 800 folios de la investigaci\u00f3n, por lo que le demandaron que regrese a colaborar en este caso el Grupo Interdisciplinario de Expertos. El problema es que al inquilino de Palacio Nacional nunca le gustaron las conclusiones de los expertos. Adem\u00e1s, los padres de los estudiantes de Ayotzinapa le pidieron que deje de estar defendiendo y protegiendo al Ej\u00e9rcito. \u00a1Qu\u00e9 tal!<\/p>\n<p>*** Los foros sobre la<strong>\u00a0<\/strong>reforma judicial<strong>\u00a0<\/strong>arrancaron en la C\u00e1mara de Diputados y como era de esperarse, aquello se volvi\u00f3 un acre intercambio entre quienes est\u00e1n a favor de que el \u201cpueblo sabio y bueno\u201d elija a ministros, jueces y magistrados, y los que se pronuncian en contra de la controvertida propuesta<strong>. <\/strong>Y como siempre juegan con trampas, los del oficialismo instrumentaron una campa\u00f1a no solo por las redes sociales, en la que acusaron a la ministra presidenta de la Suprema Corte de Justicia de la Naci\u00f3n, Norma Pi\u00f1a, de estar \u201cazuzando\u201d a los empleados del Poder Judicial de la Federaci\u00f3n para que se rebelen. El que de siempre ha polarizado y se ha lanzado con insultos en contra del Poder Judicial, ha sido L\u00f3pez Obrador.<\/p>\n<p>*** En ese mismo orden de ideas, por su parte, el Presidente de la Junta de Coordinaci\u00f3n Pol\u00edtica en el Senado,\u00a0<strong>Ricardo Monreal,<\/strong>\u00a0asegur\u00f3 que s\u00ed se pueden mejorar las iniciativas, fruto de los di\u00e1logos sobre la reforma en torno a la que se debate en el Congreso, lo har\u00e1n con responsabilidad. Igualmente, Monreal se comprometi\u00f3 a que se actuar\u00e1 con\u00a0prudencia\u00a0y\u00a0cautela, y que no van a deso\u00edr el mandato popular, pues \u201cel pueblo nos otorg\u00f3 el tener constituyente permanente\u201d. \u00bfSer\u00e1?<\/p>\n<p><u><a href=\"mailto:morcora@gmail.com\" target=\"_blank\" rel=\"noopener noreferrer\"><em>morcora@gmail.com<\/em><\/a><\/u><\/p>\n","protected":false},"excerpt":{"rendered":"<p><span style=\"color: #005497;\"><strong>Adriana Moreno Cordero<\/strong><\/span><\/p>\n","protected":false},"author":3,"featured_media":0,"comment_status":"open","ping_status":"open","sticky":false,"template":"","format":"standard","meta":{"_monsterinsights_skip_tracking":false,"_monsterinsights_sitenote_active":false,"_monsterinsights_sitenote_note":"","_monsterinsights_sitenote_category":0,"footnotes":""},"categories":[69370],"tags":[69369,69368,43674],"class_list":["post-624315","post","type-post","status-publish","format-standard","hentry","category-adriana-moreno-cordero","tag-adriana-moreno-cordero","tag-la-retaguardia","tag-opinion"],"_links":{"self":[{"href":"https:\/\/www.diarioimagen.net\/index.php?rest_route=\/wp\/v2\/posts\/624315","targetHints":{"allow":["GET"]}}],"collection":[{"href":"https:\/\/www.diarioimagen.net\/index.php?rest_route=\/wp\/v2\/posts"}],"about":[{"href":"https:\/\/www.diarioimagen.net\/index.php?rest_route=\/wp\/v2\/types\/post"}],"author":[{"embeddable":true,"href":"https:\/\/www.diarioimagen.net\/index.php?rest_route=\/wp\/v2\/users\/3"}],"replies":[{"embeddable":true,"href":"https:\/\/www.diarioimagen.net\/index.php?rest_route=%2Fwp%2Fv2%2Fcomments&post=624315"}],"version-history":[{"count":0,"href":"https:\/\/www.diarioimagen.net\/index.php?rest_route=\/wp\/v2\/posts\/624315\/revisions"}],"wp:attachment":[{"href":"https:\/\/www.diarioimagen.net\/index.php?rest_route=%2Fwp%2Fv2%2Fmedia&parent=624315"}],"wp:term":[{"taxonomy":"category","embeddable":true,"href":"https:\/\/www.diarioimagen.net\/index.php?rest_route=%2Fwp%2Fv2%2Fcategories&post=624315"},{"taxonomy":"post_tag","embeddable":true,"href":"https:\/\/www.diarioimagen.net\/index.php?rest_route=%2Fwp%2Fv2%2Ftags&post=624315"}],"curies":[{"name":"wp","href":"https:\/\/api.w.org\/{rel}","templated":true}]}}