{"id":624438,"date":"2024-07-01T00:01:10","date_gmt":"2024-07-01T06:01:10","guid":{"rendered":"https:\/\/www.diarioimagen.net\/?p=624438"},"modified":"2024-07-02T00:21:06","modified_gmt":"2024-07-02T06:21:06","slug":"indispensable-reformar-al-poder-judicial-mag-rafael-guerra-alvarez","status":"publish","type":"post","link":"https:\/\/www.diarioimagen.net\/?p=624438","title":{"rendered":"Indispensable reformar al Poder Judicial: mag.\u00a0Rafael\u00a0Guerra\u00a0\u00c1lvarez"},"content":{"rendered":"<p>&nbsp;<\/p>\n<p>&nbsp;<\/p>\n<ul>\n<li><strong><em>As\u00ed lo plante\u00f3 el presidente de la Comisi\u00f3n Nacional de Tribunales Superiores de Justicia de los Estados Unidos Mexicanos (Conatrib), en la inauguraci\u00f3n de los <\/em>Di\u00e1logos nacionales sobre la reforma al Poder Judicial<em>, en la C\u00e1mara de Diputados<\/em><\/strong><\/li>\n<\/ul>\n<p>&nbsp;<\/p>\n<div id=\"attachment_624483\" style=\"width: 470px\" class=\"wp-caption aligncenter\"><a href=\"https:\/\/www.diarioimagen.net\/?attachment_id=624483\" rel=\"attachment wp-att-624483\"><img loading=\"lazy\" decoding=\"async\" aria-describedby=\"caption-attachment-624483\" class=\"size-full wp-image-624483\" src=\"https:\/\/www.diarioimagen.net\/wp-content\/uploads\/2024\/07\/tribunal.jpg\" alt=\"\" width=\"460\" height=\"270\" srcset=\"https:\/\/www.diarioimagen.net\/wp-content\/uploads\/2024\/07\/tribunal.jpg 460w, https:\/\/www.diarioimagen.net\/wp-content\/uploads\/2024\/07\/tribunal-240x141.jpg 240w\" sizes=\"auto, (max-width: 460px) 100vw, 460px\" \/><\/a><p id=\"caption-attachment-624483\" class=\"wp-caption-text\">El magistrado Rafael Guerra \u00c1lvarez plante\u00f3 asumir con miras este momento hist\u00f3rico.<\/p><\/div>\n<p>&nbsp;<\/p>\n<p>El presidente de la Comisi\u00f3n Nacional de Tribunales Superiores de Justicia de los Estados Unidos Mexicanos (Conatrib), Rafael Guerra \u00c1lvarez, afirm\u00f3 que apoya la transformaci\u00f3n del pa\u00eds y dijo estar de acuerdo con la votaci\u00f3n directa para la renovaci\u00f3n de los ministros y escalonada para jueces y magistrados federales y locales.<\/p>\n<p>\u201cLa Suprema Corte de Justicia de la Naci\u00f3n tiene una naturaleza diferente a la del resto de las personas juzgadoras. La Corte, a diferencia de los magistrados y de los jueces, se vincula con la justicia y con la pol\u00edtica\u201d, explic\u00f3.<\/p>\n<p>Resalt\u00f3 que en el M\u00e9xico contempor\u00e1neo el modelo de voto popular no se ha aplicado por lo que el proceso debe ser gradual.<\/p>\n<p>\u201cPor ello, se\u00f1oras y se\u00f1ores diputados, propongo que, trat\u00e1ndose de magistrados y jueces, la designaci\u00f3n por voto sea gradual. Es decir, se aplique a las personas juzgadoras de nuevo ingreso, para garantizar una transici\u00f3n basada en la carrera judicial y una justicia de calidad\u201d.<\/p>\n<p>El tambi\u00e9n presidente del Poder Judicial de la Ciudad de M\u00e9xico\u00a0 (PJCDMX) a\u00f1adi\u00f3 que principios como la austeridad, dentro del Poder Judicial, llegaron para quedarse y se\u00f1al\u00f3 que la reforma no lesiona los derechos de los trabajadores.<\/p>\n<p>\u201cLa reforma, por su novedad y por su envergadura, produce naturales resistencias. No obstante, insistimos, vivimos en un pa\u00eds diferente, donde la prioridad es el pueblo y la actuaci\u00f3n de los servidores p\u00fablicos debe basarse en principios de no mentir, no robar y no defraudar\u201d, enfatiz\u00f3.<\/p>\n<p>Frente a la propuesta de reforma al Poder Judicial de la Federaci\u00f3n,\u00a0 el magistrado Rafael Guerra \u00c1lvarez convoc\u00f3 a apartarse de temores y a asumir con miras este momento hist\u00f3rico.<\/p>\n<p>Al participar en la inauguraci\u00f3n de los <em>Di\u00e1logos nacionales sobre la reforma al Poder Judicial<\/em>, en la C\u00e1mara de Diputados, afirm\u00f3 que desde la judicatura \u201cno podemos mantenernos ajenos\u201d al impulso social, y plante\u00f3 que es indispensable reformar al poder judicial.<\/p>\n<p>\u201cA nuestra generaci\u00f3n corresponde la gran responsabilidad de la transformaci\u00f3n. No defraudemos\u201d, enfatiz\u00f3.<\/p>\n<p>Se\u00f1al\u00f3 que el pueblo ha resuelto la transformaci\u00f3n de todas las esferas, y asegur\u00f3 que \u201cdebemos ser sensibles y proactivos\u201d al cambio, a la nueva forma de comprender los poderes de la uni\u00f3n.<\/p>\n<p>\u201cLa justicia no es ajena, debe responder en todo momento a las aspiraciones del pueblo, pues, como tercer poder, la aplicaci\u00f3n de la ley es reflejo de la voluntad soberana, y el actuar de las personas juzgadoras debe ser democr\u00e1tico\u201d, sostuvo en el di\u00e1logo en el que expusieron sus puntos de vista 35 participantes, entre estos, l\u00edderes de las diversas fracciones parlamentarias tanto del Senado como de la C\u00e1mara de Diputados, ministros y ministras de la Suprema Corte de Justicia de la Naci\u00f3n, y consejeras y Consejeros de la Judicatura Federal.<\/p>\n<p>Al fijar postura sobre la iniciativa con proyecto de decreto en materia de reforma al Poder Judicial de la Federaci\u00f3n planteada por el Ejecutivo federal, record\u00f3 que la elecci\u00f3n de ministras, ministros, magistradas, magistrados, juezas y jueces es uno de los tres modelos en el mundo para su asignaci\u00f3n.<\/p>\n<p>\u201cLa Suprema Corte de Justicia de la Naci\u00f3n tiene una naturaleza diferente al resto de las personas juzgadoras. La Corte, a diferencia de magistrados y jueces, se vincula con la justicia y con la pol\u00edtica, por lo que no hay duda de que el pueblo debe mandar en su elecci\u00f3n\u201d, consider\u00f3.<\/p>\n<p>Sobre la sustituci\u00f3n del Consejo de la Judicatura, como \u00f3rgano encargado de la administraci\u00f3n, vigilancia, evaluaci\u00f3n, disciplina y servicio de carrera, por dos \u00f3rganos t\u00e9cnicos especializados, consider\u00f3 que se garantizar\u00e1n la autonom\u00eda, independencia e imparcialidad de su labor, adem\u00e1s de mejorar el ejercicio de las facultades disciplinarias y administrativas del Poder Judicial.<\/p>\n<p>Consider\u00f3 que la reforma planteada, por su novedad, genera resistencias; sin embargo, dijo, \u201cvivimos en un pa\u00eds diferente donde la prioridad es el pueblo y la actuaci\u00f3n de los servidores p\u00fablicos debe basarse en principios de no mentir, no robar y no defraudar\u201d.<\/p>\n<p>En ese sentido, afirm\u00f3 que la austeridad lleg\u00f3 para quedarse, por lo que asegur\u00f3 que las remuneraciones y el haber de retiro deben responder a la premisa de \u201cjam\u00e1s un gobierno rico con un pueblo pobre\u201d.<\/p>\n<p>Bajo estos argumentos, abund\u00f3, en los casos en que la funci\u00f3n lo permita, \u201cse necesita reducir el n\u00famero de servidores p\u00fablicos para que se reduzca la carga presupuestaria\u201d.<\/p>\n<p>As\u00ed, continu\u00f3, \u201cacompa\u00f1amos la reforma judicial del Ejecutivo federal\u201d, al advertir que se trata de una revoluci\u00f3n en el mejor de los sentidos y oportunidad para modernizar, depurar y consolidar la justicia en el pa\u00eds.<\/p>\n<p>Guerra \u00c1lvarez dijo ante integrantes del Congreso de la Uni\u00f3n y del Poder Judicial de la Federaci\u00f3n, que al seno de la Conatrib y del PJCDMX, ambos \u00f3rganos de car\u00e1cter colegiado, \u201cpreparamos la propuesta integral que respalde la justicia que la sociedad merece\u201d.<\/p>\n<p>Con este di\u00e1logo, denominado \u00bfQu\u00e9 Poder Judicial tenemos? \u00bfQu\u00e9 Poder Judicial queremos?, se inici\u00f3 el ejercicio de parlamento abierto en torno al tema, con el objetivo de ampliar el an\u00e1lisis y discusi\u00f3n en la materia. Fue la presidenta de la Mesa Directiva de la C\u00e1mara de Diputados, Marcela Guerra Castillo, la encargada de iniciar el di\u00e1logo, que continuar\u00e1 en Guadalajara, Jalisco, el 1 de julio.<\/p>\n","protected":false},"excerpt":{"rendered":"<p>El presidente de la Comisi\u00f3n Nacional de Tribunales Superiores de Justicia de los Estados Unidos Mexicanos (Conatrib), Rafael Guerra \u00c1lvarez, afirm\u00f3 que apoya la transformaci\u00f3n del pa\u00eds y dijo estar de acuerdo con la votaci\u00f3n directa para la renovaci\u00f3n de los ministros y escalonada para jueces y magistrados federales y locales.<\/p>\n","protected":false},"author":3,"featured_media":624483,"comment_status":"open","ping_status":"open","sticky":false,"template":"","format":"standard","meta":{"_monsterinsights_skip_tracking":false,"_monsterinsights_sitenote_active":false,"_monsterinsights_sitenote_note":"","_monsterinsights_sitenote_category":0,"footnotes":""},"categories":[6],"tags":[6055,79994,85384],"class_list":["post-624438","post","type-post","status-publish","format-standard","has-post-thumbnail","hentry","category-cd-de-mexico","tag-poder-judicial","tag-rafael-guerra-alvarez","tag-reformar"],"_links":{"self":[{"href":"https:\/\/www.diarioimagen.net\/index.php?rest_route=\/wp\/v2\/posts\/624438","targetHints":{"allow":["GET"]}}],"collection":[{"href":"https:\/\/www.diarioimagen.net\/index.php?rest_route=\/wp\/v2\/posts"}],"about":[{"href":"https:\/\/www.diarioimagen.net\/index.php?rest_route=\/wp\/v2\/types\/post"}],"author":[{"embeddable":true,"href":"https:\/\/www.diarioimagen.net\/index.php?rest_route=\/wp\/v2\/users\/3"}],"replies":[{"embeddable":true,"href":"https:\/\/www.diarioimagen.net\/index.php?rest_route=%2Fwp%2Fv2%2Fcomments&post=624438"}],"version-history":[{"count":0,"href":"https:\/\/www.diarioimagen.net\/index.php?rest_route=\/wp\/v2\/posts\/624438\/revisions"}],"wp:featuredmedia":[{"embeddable":true,"href":"https:\/\/www.diarioimagen.net\/index.php?rest_route=\/wp\/v2\/media\/624483"}],"wp:attachment":[{"href":"https:\/\/www.diarioimagen.net\/index.php?rest_route=%2Fwp%2Fv2%2Fmedia&parent=624438"}],"wp:term":[{"taxonomy":"category","embeddable":true,"href":"https:\/\/www.diarioimagen.net\/index.php?rest_route=%2Fwp%2Fv2%2Fcategories&post=624438"},{"taxonomy":"post_tag","embeddable":true,"href":"https:\/\/www.diarioimagen.net\/index.php?rest_route=%2Fwp%2Fv2%2Ftags&post=624438"}],"curies":[{"name":"wp","href":"https:\/\/api.w.org\/{rel}","templated":true}]}}