{"id":624448,"date":"2024-07-01T00:08:05","date_gmt":"2024-07-01T06:08:05","guid":{"rendered":"https:\/\/www.diarioimagen.net\/?p=624448"},"modified":"2024-07-02T00:59:34","modified_gmt":"2024-07-02T06:59:34","slug":"emisora-radiofonica-de-la-uaemex-cuenta-con-uni-queer","status":"publish","type":"post","link":"https:\/\/www.diarioimagen.net\/?p=624448","title":{"rendered":"Emisora radiof\u00f3nica de la UAEM\u00e9x cuenta con Uni-Queer"},"content":{"rendered":"<p><em>\u00a0<\/em><\/p>\n<ul>\n<li><strong><em>Programa que abre espacio a la comunidad LGBTTTIQ+<\/em><\/strong><\/li>\n<\/ul>\n<p>&nbsp;<\/p>\n<div id=\"attachment_624485\" style=\"width: 470px\" class=\"wp-caption aligncenter\"><a href=\"https:\/\/www.diarioimagen.net\/?attachment_id=624485\" rel=\"attachment wp-att-624485\"><img loading=\"lazy\" decoding=\"async\" aria-describedby=\"caption-attachment-624485\" class=\"size-full wp-image-624485\" src=\"https:\/\/www.diarioimagen.net\/wp-content\/uploads\/2024\/07\/uaem-emisora-radio.jpg\" alt=\"\" width=\"460\" height=\"270\" srcset=\"https:\/\/www.diarioimagen.net\/wp-content\/uploads\/2024\/07\/uaem-emisora-radio.jpg 460w, https:\/\/www.diarioimagen.net\/wp-content\/uploads\/2024\/07\/uaem-emisora-radio-240x141.jpg 240w\" sizes=\"auto, (max-width: 460px) 100vw, 460px\" \/><\/a><p id=\"caption-attachment-624485\" class=\"wp-caption-text\">Los integrantes de Fuera del Cl\u00f3set, Ricardo Coyotzin Torres y Ernesto Montes de Oca Bernal, destacaron que Uni-Queer marca un parteaguas en la entidad mexiquense.<\/p><\/div>\n<p>&nbsp;<\/p>\n<p><strong>Toluca, Estado de M\u00e9xico.\u2014<\/strong> La estaci\u00f3n de radio de la Universidad Aut\u00f3noma del Estado de M\u00e9xico (UAEM\u00e9x), UniRadio 99.7 de FM, sum\u00f3 a su barra program\u00e1tica Uni-Queer, primer programa radiof\u00f3nico en la emisora universitaria en abordar tem\u00e1ticas LGBTTTIQ+, en colaboraci\u00f3n con Fuera del Cl\u00f3set A.C.<\/p>\n<p>Desde el pasado 27 de febrero los universitarios han emitido 18 programas con tem\u00e1ticas como la historia del movimiento LGBTIQ+, vida libre de violencia, inclusi\u00f3n pol\u00edtica y religiosa, adopci\u00f3n homoparental, VIH, terapias de conversi\u00f3n, inclusi\u00f3n laboral, entre otros.<\/p>\n<p>La directora de la estaci\u00f3n universitaria, Jacqueline Valderrabano Malag\u00f3n, destac\u00f3 que es necesario abrir este tipo de espacios en la radio universitaria para fomentar la inclusi\u00f3n y apoyo a todas, todos y todes que permita brindar informaci\u00f3n segura y confiable a la comunidad universitaria perteneciente a las comunidades de la diversidad sexual.<\/p>\n<p>\u201cLa difusi\u00f3n de contenidos informativos de la comunidad LGBTIQ+ en la radio universitaria enriquece nuestra propuesta program\u00e1tica porque se promueve un espacio con informaci\u00f3n precisa y confiable\u201d, se\u00f1al\u00f3.<\/p>\n<p>Los integrantes de Fuera del Cl\u00f3set Ricardo Coyotzin Torres y Ernesto Montes de Oca Bernal destacaron que Uni-Queer marca un parteaguas en la entidad mexiquense, ya que anteriormente la radio digital era el \u00fanico medio de comunicaci\u00f3n que ofrec\u00eda distintas propuestas para la poblaci\u00f3n LGBTTTIQ+. Es la primera vez que una estaci\u00f3n p\u00fablica abre un espacio en frecuencia modulada.<\/p>\n<p>En este sentido, Coyotzin Torres afirm\u00f3 que Uni-Queer no s\u00f3lo busca ser un espacio de reflexi\u00f3n o hablar de temas que est\u00e1n dentro de la agenda, sino que las personas que tengan una orientaci\u00f3n sexual o identidad y expresi\u00f3n de g\u00e9nero normativo se informen a trav\u00e9s de mensajes de inclusi\u00f3n y diversidad en donde se encuentren todas, todos y todes.<\/p>\n<p>Por su parte, Montes de Oca Bernal apunt\u00f3 que este espacio tiene como antecedente Fuera del Cl\u00f3set, programa que se transmit\u00eda en Hibrido Radio; sin embargo, buscaban que este espacio se incorporara en la barra program\u00e1tica de UniRadio. A 17 a\u00f1os de la estaci\u00f3n universitaria, este espacio es el primero, no solo en abordar temas de la diversidad sexo-gen\u00e9rica sino en ser realizado por personas LGBTTTIQ+.<\/p>\n<p>\u201cPara nosotros era muy importante que quedara muy claro en el nombre del programa que se encontraba la diversidad sexo-gen\u00e9rica. Por ello, a trav\u00e9s de lo queer le hacemos saber a las audiencias que aqu\u00ed se encuentran la diversidad sexo-gen\u00e9rica y a trav\u00e9s del uni hacemos referencia a la comunidad universitaria\u201d, apunt\u00f3.<\/p>\n<p>Ante el conocimiento limitado sobre la diversidad sexual y de g\u00e9nero, Ricardo Torres explic\u00f3 que el programa permite a las audiencias escuchar pautas informativas desde diversas aristas, que van desde conceptos b\u00e1sicos hasta temas como lo afectivo y la salud mental, incorporando voces de distintas personas acad\u00e9micas y activistas.<\/p>\n<p>\u201cBuscamos que este programa abra las puertas de todos los closets posibles porque lamentablemente el closet que se ha tenido, no solo las personas de la diversidad sexual, sino en la sociedad en general por la falta de informaci\u00f3n, desinformaci\u00f3n, prejuicios y estereotipos han limitado que existan vidas felices y libres de violencia\u201d, afirm\u00f3.<\/p>\n<p>Uni-Queer se transmite semanalmente los martes a las 20:00 horas por UniRadio 99.7 de FM. Las y los interesados pueden escuchar la radio de la Aut\u00f3noma mexiquense en el sitio: <em>https:\/\/uniradio.uaemex.mx<\/em><\/p>\n","protected":false},"excerpt":{"rendered":"<p>La estaci\u00f3n de radio de la Universidad Aut\u00f3noma del Estado de M\u00e9xico (UAEM\u00e9x), UniRadio 99.7 de FM, sum\u00f3 a su barra program\u00e1tica Uni-Queer, primer programa radiof\u00f3nico en la emisora universitaria en abordar tem\u00e1ticas LGBTTTIQ+, en colaboraci\u00f3n con Fuera del Cl\u00f3set A.C.<\/p>\n","protected":false},"author":3,"featured_media":624485,"comment_status":"open","ping_status":"open","sticky":false,"template":"","format":"standard","meta":{"_monsterinsights_skip_tracking":false,"_monsterinsights_sitenote_active":false,"_monsterinsights_sitenote_note":"","_monsterinsights_sitenote_category":0,"footnotes":""},"categories":[5],"tags":[1647,67878,100207],"class_list":["post-624448","post","type-post","status-publish","format-standard","has-post-thumbnail","hentry","category-estado-de-mexico","tag-gay","tag-uaemex","tag-uni-queer"],"_links":{"self":[{"href":"https:\/\/www.diarioimagen.net\/index.php?rest_route=\/wp\/v2\/posts\/624448","targetHints":{"allow":["GET"]}}],"collection":[{"href":"https:\/\/www.diarioimagen.net\/index.php?rest_route=\/wp\/v2\/posts"}],"about":[{"href":"https:\/\/www.diarioimagen.net\/index.php?rest_route=\/wp\/v2\/types\/post"}],"author":[{"embeddable":true,"href":"https:\/\/www.diarioimagen.net\/index.php?rest_route=\/wp\/v2\/users\/3"}],"replies":[{"embeddable":true,"href":"https:\/\/www.diarioimagen.net\/index.php?rest_route=%2Fwp%2Fv2%2Fcomments&post=624448"}],"version-history":[{"count":0,"href":"https:\/\/www.diarioimagen.net\/index.php?rest_route=\/wp\/v2\/posts\/624448\/revisions"}],"wp:featuredmedia":[{"embeddable":true,"href":"https:\/\/www.diarioimagen.net\/index.php?rest_route=\/wp\/v2\/media\/624485"}],"wp:attachment":[{"href":"https:\/\/www.diarioimagen.net\/index.php?rest_route=%2Fwp%2Fv2%2Fmedia&parent=624448"}],"wp:term":[{"taxonomy":"category","embeddable":true,"href":"https:\/\/www.diarioimagen.net\/index.php?rest_route=%2Fwp%2Fv2%2Fcategories&post=624448"},{"taxonomy":"post_tag","embeddable":true,"href":"https:\/\/www.diarioimagen.net\/index.php?rest_route=%2Fwp%2Fv2%2Ftags&post=624448"}],"curies":[{"name":"wp","href":"https:\/\/api.w.org\/{rel}","templated":true}]}}