{"id":624454,"date":"2024-07-01T00:05:09","date_gmt":"2024-07-01T06:05:09","guid":{"rendered":"https:\/\/www.diarioimagen.net\/?p=624454"},"modified":"2024-07-01T03:51:58","modified_gmt":"2024-07-01T09:51:58","slug":"abandera-delfina-gomez-a-delegaciones-mexiquense-de-olimpicos-y-paralimpicos","status":"publish","type":"post","link":"https:\/\/www.diarioimagen.net\/?p=624454","title":{"rendered":"Abandera Delfina G\u00f3mez a delegaciones mexiquense de Ol\u00edmpicos\u00a0y\u00a0Paral\u00edmpicos"},"content":{"rendered":"<p>&nbsp;<\/p>\n<h2 style=\"text-align: center;\">Se ratifica el apoyo al deporte<\/h2>\n<p>&nbsp;<\/p>\n<ul>\n<li><strong><em>La mandataria estatal entreg\u00f3 118 est\u00edmulos a atletas y entrenadores destacados<\/em><\/strong><\/li>\n<\/ul>\n<p><strong>\u00a0<\/strong><\/p>\n<div id=\"attachment_624528\" style=\"width: 470px\" class=\"wp-caption aligncenter\"><a href=\"https:\/\/www.diarioimagen.net\/?attachment_id=624528\" rel=\"attachment wp-att-624528\"><img loading=\"lazy\" decoding=\"async\" aria-describedby=\"caption-attachment-624528\" class=\"size-full wp-image-624528\" src=\"https:\/\/www.diarioimagen.net\/wp-content\/uploads\/2024\/07\/abandera-delfina.jpg\" alt=\"\" width=\"460\" height=\"270\" srcset=\"https:\/\/www.diarioimagen.net\/wp-content\/uploads\/2024\/07\/abandera-delfina.jpg 460w, https:\/\/www.diarioimagen.net\/wp-content\/uploads\/2024\/07\/abandera-delfina-240x141.jpg 240w\" sizes=\"auto, (max-width: 460px) 100vw, 460px\" \/><\/a><p id=\"caption-attachment-624528\" class=\"wp-caption-text\">La gobernadora Delfina G\u00f3mez \u00c1lvarez presidi\u00f3 la ceremonia de Abanderamiento de Atletas Mexiquenses que forman parte de la delegaci\u00f3n nacional que acudir\u00e1 a los Juegos Ol\u00edmpicos y Paral\u00edmpicos Paris 2024.<\/p><\/div>\n<p>&nbsp;<\/p>\n<p><strong>Toluca, Estado de M\u00e9xico.\u2014 <\/strong>Como parte del compromiso que mantiene la administraci\u00f3n estatal para apoyar a la juventud y fomentar el deporte en el Estado de M\u00e9xico, la gobernadora Delfina G\u00f3mez \u00c1lvarez presidi\u00f3 la ceremonia de Abanderamiento de Atletas Mexiquenses que forman parte de la delegaci\u00f3n nacional que acudir\u00e1 a los Juegos Ol\u00edmpicos y Paral\u00edmpicos Paris 2024.<\/p>\n<p>\u201cEn el gobierno del Estado de M\u00e9xico estamos muy felices y tambi\u00e9n muy comprometidos por la gran representaci\u00f3n que van a hacer ustedes y que nosotros tenemos que seguir apoyando. Justo por eso, y como se los expres\u00f3 el Se\u00f1or Presidente de la Rep\u00fablica, Licenciado Andr\u00e9s Manuel L\u00f3pez Obrador, no est\u00e1n solos, todos en el pa\u00eds estaremos apoy\u00e1ndolos\u201d, refiri\u00f3 la Gobernadora Delfina G\u00f3mez \u00c1lvarez.<\/p>\n<p>Asimismo, la mandataria estatal hizo entrega de 118 est\u00edmulos a atletas y entrenadores: 41 a deportistas convencionales, 14 a entrenadores de deporte convencional, 46 a atletas de deporte adaptado y 17 a entrenadores de deporte adaptado.<\/p>\n<p>El pentatleta mexiquense Emiliano Hern\u00e1ndez Uscanga, abanderado estatal ser\u00e1 quien porte la bandera nacional durante la justa veraniega. La delegaci\u00f3n estatal est\u00e1 integrada por 15 atletas convencionales y 11 paral\u00edmpicos, quienes pondr\u00e1n en alto el nombre del Estado de M\u00e9xico y de M\u00e9xico a nivel mundial, al formar parte de la delegaci\u00f3n nacional que asistir\u00e1 los Juegos Ol\u00edmpicos y Paral\u00edmpicos Par\u00eds 2024.<\/p>\n<p>Por su parte, Miguel \u00c1ngel Hern\u00e1ndez Espejel, Secretario de Educaci\u00f3n, Ciencia, Tecnolog\u00eda e Innovaci\u00f3n, refiri\u00f3 que bajo la gran visi\u00f3n de la Gobernadora Delfina G\u00f3mez \u00c1lvarez, a trav\u00e9s del deporte no solo se busca ganar medallas y alcanzar la gloria deportiva, sino tambi\u00e9n contribuir al desarrollo pleno de la ciudadan\u00eda, se\u00f1alando que las olimpiadas siempre han sido una oportunidad para fomentar la paz y el respeto.<\/p>\n<p>En su oportunidad Jos\u00e9 Manuel Sotomayor Landecho, Director General de Cultura F\u00edsica y Deporte, se\u00f1al\u00f3 que nunca antes se hab\u00eda realizado un abanderamiento simult\u00e1neo para competidores de Juegos Ol\u00edmpicos y Paralimpicos, lo que muestra la visi\u00f3n de la administraci\u00f3n estatal por impulsar una cultura de inclusi\u00f3n y el Poder del Deporte.<\/p>\n<p>En este evento estuvieron las y los atletas Emiliano Hern\u00e1ndez Uscanga, Claudia P\u00e9rez Villalva, Luisa Samantha Rodr\u00edguez Rubio, Floralia Estrada Bernal, Cristopher Gregorio Tronco S\u00e1nchez, Margarita Hern\u00e1ndez Flores y Duilio Jared Carrillo Gonz\u00e1lez, adem\u00e1s del Profesor Nelson Vargas, Empresario Mexicano y promotor del deporte.<\/p>\n<p>Por parte del Gobierno estatal estuvieron Horacio Duarte Olivares, Secretario General de Gobierno del Estado de M\u00e9xico; y Karina Labastida Sotelo, Directora General del Sistema para el Desarrollo Integral de la Familia del Estado de M\u00e9xico (DIFEM).<\/p>\n","protected":false},"excerpt":{"rendered":"<p>Como parte del compromiso que mantiene la administraci\u00f3n estatal para apoyar a la juventud y fomentar el deporte en el Estado de M\u00e9xico, la gobernadora Delfina G\u00f3mez \u00c1lvarez presidi\u00f3 la ceremonia de Abanderamiento de Atletas Mexiquenses que forman parte de la delegaci\u00f3n nacional que acudir\u00e1 a los Juegos Ol\u00edmpicos y Paral\u00edmpicos Paris 2024.<\/p>\n","protected":false},"author":3,"featured_media":624528,"comment_status":"open","ping_status":"open","sticky":false,"template":"","format":"standard","meta":{"_monsterinsights_skip_tracking":false,"_monsterinsights_sitenote_active":false,"_monsterinsights_sitenote_note":"","_monsterinsights_sitenote_category":0,"footnotes":""},"categories":[5,99730],"tags":[100211,57859],"class_list":["post-624454","post","type-post","status-publish","format-standard","has-post-thumbnail","hentry","category-estado-de-mexico","category-edomex","tag-abandera","tag-delfina-gomez-alvarez"],"_links":{"self":[{"href":"https:\/\/www.diarioimagen.net\/index.php?rest_route=\/wp\/v2\/posts\/624454","targetHints":{"allow":["GET"]}}],"collection":[{"href":"https:\/\/www.diarioimagen.net\/index.php?rest_route=\/wp\/v2\/posts"}],"about":[{"href":"https:\/\/www.diarioimagen.net\/index.php?rest_route=\/wp\/v2\/types\/post"}],"author":[{"embeddable":true,"href":"https:\/\/www.diarioimagen.net\/index.php?rest_route=\/wp\/v2\/users\/3"}],"replies":[{"embeddable":true,"href":"https:\/\/www.diarioimagen.net\/index.php?rest_route=%2Fwp%2Fv2%2Fcomments&post=624454"}],"version-history":[{"count":0,"href":"https:\/\/www.diarioimagen.net\/index.php?rest_route=\/wp\/v2\/posts\/624454\/revisions"}],"wp:featuredmedia":[{"embeddable":true,"href":"https:\/\/www.diarioimagen.net\/index.php?rest_route=\/wp\/v2\/media\/624528"}],"wp:attachment":[{"href":"https:\/\/www.diarioimagen.net\/index.php?rest_route=%2Fwp%2Fv2%2Fmedia&parent=624454"}],"wp:term":[{"taxonomy":"category","embeddable":true,"href":"https:\/\/www.diarioimagen.net\/index.php?rest_route=%2Fwp%2Fv2%2Fcategories&post=624454"},{"taxonomy":"post_tag","embeddable":true,"href":"https:\/\/www.diarioimagen.net\/index.php?rest_route=%2Fwp%2Fv2%2Ftags&post=624454"}],"curies":[{"name":"wp","href":"https:\/\/api.w.org\/{rel}","templated":true}]}}