{"id":624456,"date":"2024-07-01T00:04:49","date_gmt":"2024-07-01T06:04:49","guid":{"rendered":"https:\/\/www.diarioimagen.net\/?p=624456"},"modified":"2024-07-01T03:07:53","modified_gmt":"2024-07-01T09:07:53","slug":"el-gem-y-gobierno-federal-colaboraran-para-fortalecer-agronegocios","status":"publish","type":"post","link":"https:\/\/www.diarioimagen.net\/?p=624456","title":{"rendered":"El GEM y gobierno federal colaborar\u00e1n para fortalecer agronegocios"},"content":{"rendered":"<p>&nbsp;<\/p>\n<ul>\n<li><em><strong>Nuevos canales de comercializaci\u00f3n<\/strong><\/em><\/li>\n<\/ul>\n<p><strong>\u00a0<\/strong><\/p>\n<div id=\"attachment_624526\" style=\"width: 470px\" class=\"wp-caption aligncenter\"><a href=\"https:\/\/www.diarioimagen.net\/?attachment_id=624526\" rel=\"attachment wp-att-624526\"><img loading=\"lazy\" decoding=\"async\" aria-describedby=\"caption-attachment-624526\" class=\"size-full wp-image-624526\" src=\"https:\/\/www.diarioimagen.net\/wp-content\/uploads\/2024\/07\/gem-gobierno-federal-colaboran.jpg\" alt=\"\" width=\"460\" height=\"270\" srcset=\"https:\/\/www.diarioimagen.net\/wp-content\/uploads\/2024\/07\/gem-gobierno-federal-colaboran.jpg 460w, https:\/\/www.diarioimagen.net\/wp-content\/uploads\/2024\/07\/gem-gobierno-federal-colaboran-240x141.jpg 240w\" sizes=\"auto, (max-width: 460px) 100vw, 460px\" \/><\/a><p id=\"caption-attachment-624526\" class=\"wp-caption-text\">Secretar\u00edas estataales del Campo, del Trabajo y de Desarrollo Econ\u00f3mico firmaron un convenio de colaboraci\u00f3n con el gobierno federal para la implementaci\u00f3n del \u201cPrograma de fortalecimiento para Agronegocios Mexiquenses\u201d.<\/p><\/div>\n<p>&nbsp;<\/p>\n<p><strong>Metepec, Estado de M\u00e9xico.\u2013 <\/strong>Las secretar\u00edas del Campo, del Trabajo y de Desarrollo Econ\u00f3mico del Gobierno del Estado de M\u00e9xico firmaron un convenio de colaboraci\u00f3n para la implementaci\u00f3n del \u201cPrograma de fortalecimiento para Agronegocios Mexiquenses\u201d, que contar\u00e1 con el apoyo de la Secretar\u00eda de Agricultura federal a trav\u00e9s del Fideicomiso del Riesgo Compartido (Firco), para potenciar tres cultivos mexiquenses de alto potencial: miel, caf\u00e9 y ma\u00edz cacahuazintle.<\/p>\n<p>El convenio tambi\u00e9n incluir\u00e1 capacitaciones por parte del Instituto de Capacitaci\u00f3n y Adiestramiento para el Trabajo Industrial (ICATI) y promover\u00e1 nuevos canales de comercializaci\u00f3n y diversificaci\u00f3n de mercados para los productos del campo mexiquense.<\/p>\n<p>Mar\u00eda Eugenia Rojano Vald\u00e9s, Secretaria del Campo reconoci\u00f3 el trabajo del ICATI, en especial las mentor\u00edas y la presencia en territorio de las Escuelas de Artes y Oficios (Edayo), lo que contribuir\u00e1 a lograr los objetivos del convenio.<\/p>\n<p>Norberto Morales Poblete, Secretario del Trabajo, acompa\u00f1ado por Zen\u00f3n Vargas Mart\u00ednez, Director del ICATI, resalt\u00f3 que trabajando juntos se podr\u00e1n alcanzar nuevos niveles de desarrollo y prosperidad para las comunidades rurales.<\/p>\n<p>Laura Gonz\u00e1lez Hern\u00e1ndez, Secretaria de Desarrollo Econ\u00f3mico expres\u00f3 que el Gobierno de la Maestra Delfina G\u00f3mez \u00c1lvarez quiere poner al campo en el lugar que le corresponde, primero por justicia social y por el potencial que tiene.<\/p>\n","protected":false},"excerpt":{"rendered":"<p>Las secretar\u00edas del Campo, del Trabajo y de Desarrollo Econ\u00f3mico del Gobierno del Estado de M\u00e9xico firmaron un convenio de colaboraci\u00f3n para la implementaci\u00f3n del \u201cPrograma de fortalecimiento para Agronegocios Mexiquenses\u201d, que contar\u00e1 con el apoyo de la Secretar\u00eda de Agricultura federal a trav\u00e9s del Fideicomiso del Riesgo Compartido (Firco), para potenciar tres cultivos mexiquenses de alto potencial: miel, caf\u00e9 y ma\u00edz cacahuazintle.<\/p>\n","protected":false},"author":3,"featured_media":624526,"comment_status":"open","ping_status":"open","sticky":false,"template":"","format":"standard","meta":{"_monsterinsights_skip_tracking":false,"_monsterinsights_sitenote_active":false,"_monsterinsights_sitenote_note":"","_monsterinsights_sitenote_category":0,"footnotes":""},"categories":[5,99730],"tags":[100212,1720],"class_list":["post-624456","post","type-post","status-publish","format-standard","has-post-thumbnail","hentry","category-estado-de-mexico","category-edomex","tag-agronegocios","tag-gem"],"_links":{"self":[{"href":"https:\/\/www.diarioimagen.net\/index.php?rest_route=\/wp\/v2\/posts\/624456","targetHints":{"allow":["GET"]}}],"collection":[{"href":"https:\/\/www.diarioimagen.net\/index.php?rest_route=\/wp\/v2\/posts"}],"about":[{"href":"https:\/\/www.diarioimagen.net\/index.php?rest_route=\/wp\/v2\/types\/post"}],"author":[{"embeddable":true,"href":"https:\/\/www.diarioimagen.net\/index.php?rest_route=\/wp\/v2\/users\/3"}],"replies":[{"embeddable":true,"href":"https:\/\/www.diarioimagen.net\/index.php?rest_route=%2Fwp%2Fv2%2Fcomments&post=624456"}],"version-history":[{"count":0,"href":"https:\/\/www.diarioimagen.net\/index.php?rest_route=\/wp\/v2\/posts\/624456\/revisions"}],"wp:featuredmedia":[{"embeddable":true,"href":"https:\/\/www.diarioimagen.net\/index.php?rest_route=\/wp\/v2\/media\/624526"}],"wp:attachment":[{"href":"https:\/\/www.diarioimagen.net\/index.php?rest_route=%2Fwp%2Fv2%2Fmedia&parent=624456"}],"wp:term":[{"taxonomy":"category","embeddable":true,"href":"https:\/\/www.diarioimagen.net\/index.php?rest_route=%2Fwp%2Fv2%2Fcategories&post=624456"},{"taxonomy":"post_tag","embeddable":true,"href":"https:\/\/www.diarioimagen.net\/index.php?rest_route=%2Fwp%2Fv2%2Ftags&post=624456"}],"curies":[{"name":"wp","href":"https:\/\/api.w.org\/{rel}","templated":true}]}}