{"id":624458,"date":"2024-07-01T00:03:01","date_gmt":"2024-07-01T06:03:01","guid":{"rendered":"https:\/\/www.diarioimagen.net\/?p=624458"},"modified":"2024-07-01T03:07:21","modified_gmt":"2024-07-01T09:07:21","slug":"la-presidenta-municipal-electa-de-ecatepec-solicita-ayuda-a-la-caem-ante-inundaciones","status":"publish","type":"post","link":"https:\/\/www.diarioimagen.net\/?p=624458","title":{"rendered":"La presidenta municipal electa de Ecatepec solicita ayuda a la CAEM ante inundaciones"},"content":{"rendered":"<p>&nbsp;<\/p>\n<ul>\n<li><em><strong>Acciones de desazolve de la red de drenaje<\/strong><\/em><\/li>\n<\/ul>\n<p>&nbsp;<\/p>\n<div id=\"attachment_624524\" style=\"width: 470px\" class=\"wp-caption aligncenter\"><a href=\"https:\/\/www.diarioimagen.net\/?attachment_id=624524\" rel=\"attachment wp-att-624524\"><img loading=\"lazy\" decoding=\"async\" aria-describedby=\"caption-attachment-624524\" class=\"size-full wp-image-624524\" src=\"https:\/\/www.diarioimagen.net\/wp-content\/uploads\/2024\/07\/presidenta-electa-ecatepec.jpg\" alt=\"\" width=\"460\" height=\"270\" srcset=\"https:\/\/www.diarioimagen.net\/wp-content\/uploads\/2024\/07\/presidenta-electa-ecatepec.jpg 460w, https:\/\/www.diarioimagen.net\/wp-content\/uploads\/2024\/07\/presidenta-electa-ecatepec-240x141.jpg 240w\" sizes=\"auto, (max-width: 460px) 100vw, 460px\" \/><\/a><p id=\"caption-attachment-624524\" class=\"wp-caption-text\">Personal de la CAEM trabaja en zonas afectadas de Ecatepec para el desazolve de la red de drenaje y evitar mas inundaciones por las fuertes lluvias.<\/p><\/div>\n<p>&nbsp;<\/p>\n<p><strong>Ecatepec, Estado de M\u00e9xico.\u2014<\/strong> Ante las inundaciones registradas en varias colonias del municipio, tras fuertes precipitaciones, y fallas en c\u00e1rcamos, la presidenta municipal electa, Azucena Cisneros Coss, pidi\u00f3 la intervenci\u00f3n de la Comisi\u00f3n de Aguas del Estado de M\u00e9xico (CAEM) para el env\u00edo de equipos vactor que permitan bajar el nivel del agua, los cuales ya trabajan en zonas afectadas.<\/p>\n<p>Las recientes lluvias dejaron inundaciones en colonias como Alborada, Quinto Sol, Rinconada de Arag\u00f3n, Ciudad Azteca y en Avenida Central en San Agust\u00edn, por fallas en equipos que afectaron la operaci\u00f3n de los c\u00e1rcamos 16 y 21.<\/p>\n<p>Ante ello, la alcaldesa electa entabl\u00f3 comunicaci\u00f3n con personal de CAEM para el env\u00edo de personal y equipo especializado que ya est\u00e1 en zonas afectadas como Ciudad Azteca para el desazolve de la red de drenaje y motobombas para extraer el agua de viviendas.<\/p>\n<p>Adicionalmente, inform\u00f3 que solicitar\u00e1 una mesa de trabajo permanente entre el gobierno, Protecci\u00f3n Civil, CAEM, diputados locales, vecinos y autoridades electas para dar seguimiento al tema de lluvias e inundaciones y prevenir riesgos mayores a la gente, as\u00ed como pedir que se garantice la operaci\u00f3n adecuada de c\u00e1rcamos.<\/p>\n<p>Azucena Cisneros inform\u00f3 que esta semana personal de la CAEM, retir\u00f3 al menos 60 metros c\u00fabicos de basura y s\u00f3lidos en barrancas de la Sierra de Guadalupe, con una brigada de 13 trabajadores y equipo especializado, como resultado de las gestiones realizadas, lo que evit\u00f3 graves inundaciones por taponamiento de los cauces naturales en las partes bajas.<\/p>\n<p>Uno de los principales problemas en comunidades de la parte alta de la Sierra de Guadalupe es la falta de servicio p\u00fablico de recolecci\u00f3n de basura, y los privados cobran costos altos a vecinos, lo que genera tiraderos clandestinos que saturaron las barrancas de San Andr\u00e9s de la Ca\u00f1ada, San Carlos y en menor medida la de Las Venitas, que hab\u00eda sido limpiada con anterioridad.<\/p>\n<p>Tras llamar a las y los vecinos a no tirar basura en barrancas y v\u00eda p\u00fablica, la presidenta municipal electa indic\u00f3 que una vez que entre en funciones la nueva administraci\u00f3n, se pondr\u00e1 en marcha programas de cuidado del agua y medio ambiente en comunidades y escuelas, para frenar los tiraderos de desechos.<\/p>\n","protected":false},"excerpt":{"rendered":"<p>Ante las inundaciones registradas en varias colonias del municipio, tras fuertes precipitaciones, y fallas en c\u00e1rcamos, la presidenta municipal electa, Azucena Cisneros Coss, pidi\u00f3 la intervenci\u00f3n de la Comisi\u00f3n de Aguas del Estado de M\u00e9xico (CAEM) para el env\u00edo de equipos vactor que permitan bajar el nivel del agua, los cuales ya trabajan en zonas afectadas.<\/p>\n","protected":false},"author":3,"featured_media":624524,"comment_status":"open","ping_status":"open","sticky":false,"template":"","format":"standard","meta":{"_monsterinsights_skip_tracking":false,"_monsterinsights_sitenote_active":false,"_monsterinsights_sitenote_note":"","_monsterinsights_sitenote_category":0,"footnotes":""},"categories":[5],"tags":[2272,1985],"class_list":["post-624458","post","type-post","status-publish","format-standard","has-post-thumbnail","hentry","category-estado-de-mexico","tag-caem","tag-inundaciones"],"_links":{"self":[{"href":"https:\/\/www.diarioimagen.net\/index.php?rest_route=\/wp\/v2\/posts\/624458","targetHints":{"allow":["GET"]}}],"collection":[{"href":"https:\/\/www.diarioimagen.net\/index.php?rest_route=\/wp\/v2\/posts"}],"about":[{"href":"https:\/\/www.diarioimagen.net\/index.php?rest_route=\/wp\/v2\/types\/post"}],"author":[{"embeddable":true,"href":"https:\/\/www.diarioimagen.net\/index.php?rest_route=\/wp\/v2\/users\/3"}],"replies":[{"embeddable":true,"href":"https:\/\/www.diarioimagen.net\/index.php?rest_route=%2Fwp%2Fv2%2Fcomments&post=624458"}],"version-history":[{"count":0,"href":"https:\/\/www.diarioimagen.net\/index.php?rest_route=\/wp\/v2\/posts\/624458\/revisions"}],"wp:featuredmedia":[{"embeddable":true,"href":"https:\/\/www.diarioimagen.net\/index.php?rest_route=\/wp\/v2\/media\/624524"}],"wp:attachment":[{"href":"https:\/\/www.diarioimagen.net\/index.php?rest_route=%2Fwp%2Fv2%2Fmedia&parent=624458"}],"wp:term":[{"taxonomy":"category","embeddable":true,"href":"https:\/\/www.diarioimagen.net\/index.php?rest_route=%2Fwp%2Fv2%2Fcategories&post=624458"},{"taxonomy":"post_tag","embeddable":true,"href":"https:\/\/www.diarioimagen.net\/index.php?rest_route=%2Fwp%2Fv2%2Ftags&post=624458"}],"curies":[{"name":"wp","href":"https:\/\/api.w.org\/{rel}","templated":true}]}}