{"id":624552,"date":"2024-07-01T00:03:50","date_gmt":"2024-07-01T06:03:50","guid":{"rendered":"https:\/\/www.diarioimagen.net\/?p=624552"},"modified":"2024-07-01T03:35:13","modified_gmt":"2024-07-01T09:35:13","slug":"loret-toma-mas-vacaciones","status":"publish","type":"post","link":"https:\/\/www.diarioimagen.net\/?p=624552","title":{"rendered":"Loret toma m\u00e1s \u00bfvacaciones?"},"content":{"rendered":"<h2>Espacio Electoral<\/h2>\n<h5>Eleazar Flores<\/h5>\n<p>&nbsp;<\/p>\n<p><strong>EN PALACIO FESTEJAR\u00c1N-.<\/strong> Sin defensas a ultranza y menos lanzar condenas carentes de fundamento, contra particulares o miembros del gobierno, es preocupaci\u00f3n may\u00fascula que \u00bfCASUALMENTE? un periodista cr\u00edtico tome UN DESCANSO como lo anuncia \u00e9l mismo.<\/p>\n<p>Justamente viene el triple descanso, luego de publicar en sus espacios, Latinus, <em>El Universal<\/em> y en W Radio presuntos, \u2014hasta comprobarlos que ser\u00e1 muy dif\u00edcil\u2014 delitos ligados a la corrupci\u00f3n y tr\u00e1fico de influencias, donde se mencionan como involucrados a colaboradores cercanos as\u00ed como hijos del presidente Andr\u00e9s Manuel L\u00f3pez Obrador.<\/p>\n<p>Acert\u00f3, escribo acerca de Carlos Loret de Mola, cuyos contenidos fueron los que lo posicionaron, a\u00fan m\u00e1s, como uno de los periodistas m\u00e1s le\u00eddos y escuchados. Contra lo que se diga, no siempre ventilando hechos de corrupci\u00f3n, tiene otros trabajos que se han ocupado del medio ambiente y del sector educativo, de los que poco se habla, menos en las ma\u00f1aneras.<\/p>\n<p><strong>\u00bfC\u00d3MO EMPEZ\u00d3?-.<\/strong> Al parecer, todo empez\u00f3 en 2020 cuando Carlos Loret difunde un video tomado en 2015 donde aparece David Le\u00f3n Romero, cercano colaborador del entonces gobernador de Chiapas Manuel Velasco, de cuyo gobierno proven\u00edan las BOLSAS DE DINERO, con algo as\u00ed como 400 mil pesos, recibi\u00e9ndolos P\u00edo L\u00f3pez Obrador, hermano de ya sabe qui\u00e9n.<\/p>\n<p>Se manej\u00f3 en la grabaci\u00f3n que el dinero era para \u201cPARA APOYAR AL MOVIMIENTO\u201d, dud\u00e1ndose que haya salido de los bolsillos de Le\u00f3n Romero, sabi\u00e9ndose despu\u00e9s que era un env\u00edo del gobernador chiapaneco.<\/p>\n<p>Despu\u00e9s vino un segundo video, ahora con el otro hermano presidencial, Mart\u00edn de Jes\u00fas, recibiendo en el domicilio de David Le\u00f3n Romero, algo as\u00ed como 166 mil pesos, con la promesa de completar lo acordado con anterioridad o algo as\u00ed.<\/p>\n<p>Como se esperaba, vinieron m\u00e1s tarde denuncias de los hermanos, pero del presidente L\u00f3pez Obrador sucedieron en las ma\u00f1aneras inmediatas, empezando desde entonces los ataques contra Carlos Loret de Mola, incluso de Latinus, empresa sujeta a investigaci\u00f3n por las instancias federales como la Unidad de Inteligencia Financiera y por supuesto el SAT.<\/p>\n<p>Para variar, y al puro etilo de La Cuarta Transformaci\u00f3n, se exhibieron hasta los presuntos salarios millonarios de Loret de Mola, hecho ilegal\u00a0 que expone al periodista, incluso, en su seguridad.<\/p>\n<p>David Le\u00f3n Romero estaba como coordinador nacional de Protecci\u00f3n Civil y a un paso de coordinar todo lo relacionado a los medicamentos en 2020, pero los videos lo alejaron de Protecci\u00f3n Civil y de su malogrado ascenso.<\/p>\n<p>Denuncias de Loret siguieron en sus columnas y en Latinus, pero la semana pasada anunci\u00f3 tomar UN DESCANSO con la promesa de regresar.<\/p>\n<p>Hasta ahora, Loret es el \u00faltimo periodista famoso que pega el teclado, pero \u00bfcu\u00e1ntos lo han hecho y sobre todo cu\u00e1ntos faltan?. En tres meses todo es posible.<\/p>\n<p>L\u00e1stima la poca solidaridad gremial\u2026 que el poder festeja.<\/p>\n<p><em><a href=\"mailto:elefa44@gmail.com\" target=\"_blank\" rel=\"noopener noreferrer\">elefa44@gmail.com<\/a><\/em><\/p>\n","protected":false},"excerpt":{"rendered":"<p><span style=\"color: #005497;\"><strong>Eleazar Flores<\/strong><\/span><\/p>\n","protected":false},"author":3,"featured_media":0,"comment_status":"open","ping_status":"open","sticky":false,"template":"","format":"standard","meta":{"_monsterinsights_skip_tracking":false,"_monsterinsights_sitenote_active":false,"_monsterinsights_sitenote_note":"","_monsterinsights_sitenote_category":0,"footnotes":""},"categories":[81743],"tags":[81744,81776,43674],"class_list":["post-624552","post","type-post","status-publish","format-standard","hentry","category-eleazar-flores","tag-eleazar-flores","tag-espacio-electoral","tag-opinion"],"_links":{"self":[{"href":"https:\/\/www.diarioimagen.net\/index.php?rest_route=\/wp\/v2\/posts\/624552","targetHints":{"allow":["GET"]}}],"collection":[{"href":"https:\/\/www.diarioimagen.net\/index.php?rest_route=\/wp\/v2\/posts"}],"about":[{"href":"https:\/\/www.diarioimagen.net\/index.php?rest_route=\/wp\/v2\/types\/post"}],"author":[{"embeddable":true,"href":"https:\/\/www.diarioimagen.net\/index.php?rest_route=\/wp\/v2\/users\/3"}],"replies":[{"embeddable":true,"href":"https:\/\/www.diarioimagen.net\/index.php?rest_route=%2Fwp%2Fv2%2Fcomments&post=624552"}],"version-history":[{"count":0,"href":"https:\/\/www.diarioimagen.net\/index.php?rest_route=\/wp\/v2\/posts\/624552\/revisions"}],"wp:attachment":[{"href":"https:\/\/www.diarioimagen.net\/index.php?rest_route=%2Fwp%2Fv2%2Fmedia&parent=624552"}],"wp:term":[{"taxonomy":"category","embeddable":true,"href":"https:\/\/www.diarioimagen.net\/index.php?rest_route=%2Fwp%2Fv2%2Fcategories&post=624552"},{"taxonomy":"post_tag","embeddable":true,"href":"https:\/\/www.diarioimagen.net\/index.php?rest_route=%2Fwp%2Fv2%2Ftags&post=624552"}],"curies":[{"name":"wp","href":"https:\/\/api.w.org\/{rel}","templated":true}]}}