{"id":624592,"date":"2024-07-02T00:04:17","date_gmt":"2024-07-02T06:04:17","guid":{"rendered":"https:\/\/www.diarioimagen.net\/?p=624592"},"modified":"2024-07-02T22:27:53","modified_gmt":"2024-07-03T04:27:53","slug":"seguiremos-luchando-en-favor-de-las-familias-suteymistas-asegura-tomas-palomares-parra","status":"publish","type":"post","link":"https:\/\/www.diarioimagen.net\/?p=624592","title":{"rendered":"Seguiremos luchando en favor de las familias Suteymistas, asegura Tom\u00e1s Palomares Parra"},"content":{"rendered":"<p>&nbsp;<\/p>\n<ul>\n<li><em><strong>Llamado a mantener la unidad<\/strong><\/em><\/li>\n<\/ul>\n<p><strong>\u00a0<\/strong><\/p>\n<h6>Arturo Baena<\/h6>\n<p>&nbsp;<\/p>\n<div id=\"attachment_624651\" style=\"width: 470px\" class=\"wp-caption aligncenter\"><a href=\"https:\/\/www.diarioimagen.net\/?attachment_id=624651\" rel=\"attachment wp-att-624651\"><img loading=\"lazy\" decoding=\"async\" aria-describedby=\"caption-attachment-624651\" class=\"wp-image-624651 size-full\" src=\"https:\/\/www.diarioimagen.net\/wp-content\/uploads\/2024\/07\/seguiremos-luchado.jpg\" alt=\"\" width=\"460\" height=\"270\" srcset=\"https:\/\/www.diarioimagen.net\/wp-content\/uploads\/2024\/07\/seguiremos-luchado.jpg 460w, https:\/\/www.diarioimagen.net\/wp-content\/uploads\/2024\/07\/seguiremos-luchado-240x141.jpg 240w\" sizes=\"auto, (max-width: 460px) 100vw, 460px\" \/><\/a><p id=\"caption-attachment-624651\" class=\"wp-caption-text\">Tom\u00e1s Palomares Parra rindi\u00f3 su informe de actividades al frente del SUTEyM en Naucalpan.<\/p><\/div>\n<p>&nbsp;<\/p>\n<p><strong>Naucalpan, Estado de M\u00e9xico.\u2014<\/strong> Al rendir su informe de actividades al frente del SUTEyM en esta localidad, Tom\u00e1s Palomares Parra llam\u00f3 a los agremiados a mantener la unidad que los ha caracterizado. \u201cQuiero pedirles que sigamos haciendo de la unidad nuestra principal fortaleza y desechar todo lo que atente contra nuestro gremio\u201d.<\/p>\n<p>Ante la presencia de Antonio Duarte Franco, representante personal del secretario general del SUTEyM, Herminio Cahue Calder\u00f3n, integrantes del actual comit\u00e9 sindical, del diputado David Parra y de Juanita Parra, entre otras personalidades, miles de trabajadores, le refrendaron su apoyo al dirigente sindical.<\/p>\n<p>En el Foro \u201cFelipe Villanueva\u201d del Parque Naucalli, Palomares Parra enumer\u00f3 las acciones y beneficios que se han obtenido durante su gesti\u00f3n en favor de la clase trabajadora, quienes agradecieron de manera un\u00e1nime sus acciones.<\/p>\n<p>Al grito de \u201c\u00a1Tom\u00e1s, Tom\u00e1s!\u201d, el l\u00edder sindical reafirm\u00f3 a los suteymistas que \u201chay un peque\u00f1o grupo que intenta desacreditar nuestro actuar, pero los hechos hablan por s\u00ed solos y no daremos ni un paso atr\u00e1s en favor de ustedes y sus familias\u201d, puntualiz\u00f3.<\/p>\n<p>Por otra parte, Tom\u00e1s Palomares record\u00f3 que la clase trabajadora perteneciente al SUTEyM seguir\u00e1 trabajando en favor de las familias que viven en Naucalpan, tal y como lo han hecho con administraci\u00f3n de todos los colores y en la que llegar\u00e1, no ser\u00e1 la excepci\u00f3n.<\/p>\n<p>Finalmente, reafirm\u00f3 que hay que seguir redoblados esfuerzos para ofrecer a la ciudadan\u00eda servicios de calidad, \u201cpues nosotros, les record\u00f3, somos y seguiremos siendo la maquinaria de este municipio\u201d, concluy\u00f3.<\/p>\n","protected":false},"excerpt":{"rendered":"<p>Al rendir su informe de actividades al frente del SUTEyM en esta localidad, Tom\u00e1s Palomares Parra llam\u00f3 a los agremiados a mantener la unidad que los ha caracterizado. \u201cQuiero pedirles que sigamos haciendo de la unidad nuestra principal fortaleza y desechar todo lo que atente contra nuestro gremio\u201d.<\/p>\n","protected":false},"author":3,"featured_media":624651,"comment_status":"open","ping_status":"open","sticky":false,"template":"","format":"standard","meta":{"_monsterinsights_skip_tracking":false,"_monsterinsights_sitenote_active":false,"_monsterinsights_sitenote_note":"","_monsterinsights_sitenote_category":0,"footnotes":""},"categories":[5],"tags":[71387,100220],"class_list":["post-624592","post","type-post","status-publish","format-standard","has-post-thumbnail","hentry","category-estado-de-mexico","tag-suteymistas","tag-tomas-palomares-parra-familias"],"_links":{"self":[{"href":"https:\/\/www.diarioimagen.net\/index.php?rest_route=\/wp\/v2\/posts\/624592","targetHints":{"allow":["GET"]}}],"collection":[{"href":"https:\/\/www.diarioimagen.net\/index.php?rest_route=\/wp\/v2\/posts"}],"about":[{"href":"https:\/\/www.diarioimagen.net\/index.php?rest_route=\/wp\/v2\/types\/post"}],"author":[{"embeddable":true,"href":"https:\/\/www.diarioimagen.net\/index.php?rest_route=\/wp\/v2\/users\/3"}],"replies":[{"embeddable":true,"href":"https:\/\/www.diarioimagen.net\/index.php?rest_route=%2Fwp%2Fv2%2Fcomments&post=624592"}],"version-history":[{"count":0,"href":"https:\/\/www.diarioimagen.net\/index.php?rest_route=\/wp\/v2\/posts\/624592\/revisions"}],"wp:featuredmedia":[{"embeddable":true,"href":"https:\/\/www.diarioimagen.net\/index.php?rest_route=\/wp\/v2\/media\/624651"}],"wp:attachment":[{"href":"https:\/\/www.diarioimagen.net\/index.php?rest_route=%2Fwp%2Fv2%2Fmedia&parent=624592"}],"wp:term":[{"taxonomy":"category","embeddable":true,"href":"https:\/\/www.diarioimagen.net\/index.php?rest_route=%2Fwp%2Fv2%2Fcategories&post=624592"},{"taxonomy":"post_tag","embeddable":true,"href":"https:\/\/www.diarioimagen.net\/index.php?rest_route=%2Fwp%2Fv2%2Ftags&post=624592"}],"curies":[{"name":"wp","href":"https:\/\/api.w.org\/{rel}","templated":true}]}}