{"id":624594,"date":"2024-07-02T00:01:41","date_gmt":"2024-07-02T06:01:41","guid":{"rendered":"https:\/\/www.diarioimagen.net\/?p=624594"},"modified":"2024-07-02T00:54:48","modified_gmt":"2024-07-02T06:54:48","slug":"mario-delgado-se-va-con-quien-mejor-le-conviene-horacio-jimenez","status":"publish","type":"post","link":"https:\/\/www.diarioimagen.net\/?p=624594","title":{"rendered":"Mario Delgado se va con quien mejor le conviene: Horacio Jim\u00e9nez"},"content":{"rendered":"<p>&nbsp;<\/p>\n<ul>\n<li><em><strong>\u201cEl gobierno de EU lo trae en la mira\u201d<\/strong><\/em><\/li>\n<\/ul>\n<p>&nbsp;<\/p>\n<div id=\"attachment_624645\" style=\"width: 470px\" class=\"wp-caption aligncenter\"><a href=\"https:\/\/www.diarioimagen.net\/?attachment_id=624645\" rel=\"attachment wp-att-624645\"><img loading=\"lazy\" decoding=\"async\" aria-describedby=\"caption-attachment-624645\" class=\"size-full wp-image-624645\" src=\"https:\/\/www.diarioimagen.net\/wp-content\/uploads\/2024\/07\/mario-delgado.jpg\" alt=\"\" width=\"460\" height=\"270\" srcset=\"https:\/\/www.diarioimagen.net\/wp-content\/uploads\/2024\/07\/mario-delgado.jpg 460w, https:\/\/www.diarioimagen.net\/wp-content\/uploads\/2024\/07\/mario-delgado-240x141.jpg 240w\" sizes=\"auto, (max-width: 460px) 100vw, 460px\" \/><\/a><p id=\"caption-attachment-624645\" class=\"wp-caption-text\">Mario Delgado, dirigente nacional de Morena, siempre est\u00e1 con quien mejor conviene a sus intereses, asegura el polit\u00f3logo Horacio Jim\u00e9nez L\u00f3pez.<\/p><\/div>\n<p>&nbsp;<\/p>\n<p><strong>Valle de M\u00e9xico.\u2014<\/strong> Todos saben que Mario Delgado, con toda la hipocres\u00eda del mundo, siempre est\u00e1 con quien mejor conviene a sus intereses. Ya lo demostr\u00f3 al \u201capostarle\u201d que ir\u00eda a la Presidencia con Marcelo Ebrard, luego con Ad\u00e1n Augusto y finalmente con Claudia Sheinbaum, para quienes no es bienvenido.<\/p>\n<p>Asi lo expres\u00f3 el polit\u00f3logo Horacio Jim\u00e9nez L\u00f3pez, luego de asegurar que \u201cMario Delgado inclin\u00f3 la balanza hacia Ad\u00e1n Augusto y ah\u00ed empieza a hablar mal de la doctora Claudia, aludiendo que Ad\u00e1n Augusto iba a ganar, pues M\u00e9xico no estaba preparado para darle la confianza a una mujer\u201d, dijo.<\/p>\n<p>El tambi\u00e9n ex diputado record\u00f3 que \u201cincluso ese comentario no le agrad\u00f3 a Ad\u00e1n Augusto, pues se le hizo algo mis\u00f3gino . Al final, cuando las cosas se inclinaron hacia Sheinbaum Pardo, empez\u00f3 su labor de acercamiento, pues sabe perfectamente que s\u00f3lo una posici\u00f3n cercana a la presidenta electa lo puede librar de la justicia norteamericana\u201d, abund\u00f3.<\/p>\n<p>Por otra parte, asegur\u00f3 que \u201cel gobierno estadounidense ya lo trae en la mira y jam\u00e1s lo van a soltar, pues han sido muchas sus fallas y sus torpezas ante la DEA, el FBI y la \u00a0CIA , que por desgracia se ha llevado a muchos entre las patas\u00a0a gente valiosa y cercana a la Presidencia, pues se val\u00eda de ellos para vaciar sus negocios\u201d.<\/p>\n<p>Dirigentes del PAN remataron que \u201cMario Delgado s\u00f3lo busca protecci\u00f3n, pues siempre ha ganado mucho dinero a trav\u00e9s de corrupci\u00f3n y ha reportado lo que se le da la gana, es por eso que nadie de la estructura de Morena lo apoya y tampoco muchos de sus allegados\u201d<\/p>\n<p>Finalmente, Horacio Jim\u00e9nez puntualiz\u00f3 que \u201cel nuevo gobierno merece empezar con un gabinete y un equipo de trabajo sin funcionarios mal vistos en el extranjero y en el pa\u00eds\u201d.<\/p>\n","protected":false},"excerpt":{"rendered":"<p>Todos saben que Mario Delgado, con toda la hipocres\u00eda del mundo, siempre est\u00e1 con quien mejor conviene a sus intereses. Ya lo demostr\u00f3 al \u201capostarle\u201d que ir\u00eda a la Presidencia con Marcelo Ebrard, luego con Ad\u00e1n Augusto y finalmente con Claudia Sheinbaum, para quienes no es bienvenido.<\/p>\n","protected":false},"author":3,"featured_media":624645,"comment_status":"open","ping_status":"open","sticky":false,"template":"","format":"standard","meta":{"_monsterinsights_skip_tracking":false,"_monsterinsights_sitenote_active":false,"_monsterinsights_sitenote_note":"","_monsterinsights_sitenote_category":0,"footnotes":""},"categories":[5],"tags":[100221,6995],"class_list":["post-624594","post","type-post","status-publish","format-standard","has-post-thumbnail","hentry","category-estado-de-mexico","tag-conviene","tag-mario-delgado-carrillo"],"_links":{"self":[{"href":"https:\/\/www.diarioimagen.net\/index.php?rest_route=\/wp\/v2\/posts\/624594","targetHints":{"allow":["GET"]}}],"collection":[{"href":"https:\/\/www.diarioimagen.net\/index.php?rest_route=\/wp\/v2\/posts"}],"about":[{"href":"https:\/\/www.diarioimagen.net\/index.php?rest_route=\/wp\/v2\/types\/post"}],"author":[{"embeddable":true,"href":"https:\/\/www.diarioimagen.net\/index.php?rest_route=\/wp\/v2\/users\/3"}],"replies":[{"embeddable":true,"href":"https:\/\/www.diarioimagen.net\/index.php?rest_route=%2Fwp%2Fv2%2Fcomments&post=624594"}],"version-history":[{"count":0,"href":"https:\/\/www.diarioimagen.net\/index.php?rest_route=\/wp\/v2\/posts\/624594\/revisions"}],"wp:featuredmedia":[{"embeddable":true,"href":"https:\/\/www.diarioimagen.net\/index.php?rest_route=\/wp\/v2\/media\/624645"}],"wp:attachment":[{"href":"https:\/\/www.diarioimagen.net\/index.php?rest_route=%2Fwp%2Fv2%2Fmedia&parent=624594"}],"wp:term":[{"taxonomy":"category","embeddable":true,"href":"https:\/\/www.diarioimagen.net\/index.php?rest_route=%2Fwp%2Fv2%2Fcategories&post=624594"},{"taxonomy":"post_tag","embeddable":true,"href":"https:\/\/www.diarioimagen.net\/index.php?rest_route=%2Fwp%2Fv2%2Ftags&post=624594"}],"curies":[{"name":"wp","href":"https:\/\/api.w.org\/{rel}","templated":true}]}}