{"id":624598,"date":"2024-07-02T00:03:58","date_gmt":"2024-07-02T06:03:58","guid":{"rendered":"https:\/\/www.diarioimagen.net\/?p=624598"},"modified":"2024-07-02T00:56:55","modified_gmt":"2024-07-02T06:56:55","slug":"el-sindicato-de-maestros-al-servicio-del-estado-de-mexico-fortalece-la-unidad-magisterial","status":"publish","type":"post","link":"https:\/\/www.diarioimagen.net\/?p=624598","title":{"rendered":"El Sindicato de Maestros al Servicio del Estado de M\u00e9xico fortalece la unidad magisterial"},"content":{"rendered":"<p>&nbsp;<\/p>\n<p><a href=\"https:\/\/www.diarioimagen.net\/?attachment_id=624649\" rel=\"attachment wp-att-624649\"><img loading=\"lazy\" decoding=\"async\" class=\"aligncenter size-full wp-image-624649\" src=\"https:\/\/www.diarioimagen.net\/wp-content\/uploads\/2024\/07\/sindicato-maestros.jpg\" alt=\"\" width=\"460\" height=\"270\" srcset=\"https:\/\/www.diarioimagen.net\/wp-content\/uploads\/2024\/07\/sindicato-maestros.jpg 460w, https:\/\/www.diarioimagen.net\/wp-content\/uploads\/2024\/07\/sindicato-maestros-240x141.jpg 240w\" sizes=\"auto, (max-width: 460px) 100vw, 460px\" \/><\/a><\/p>\n<p>&nbsp;<\/p>\n<p><strong>Toluca, Estado de M\u00e9xico.\u2014 <\/strong>El Sindicato de Maestros al Servicio del Estado de M\u00e9xico (SMSEM) realiz\u00f3 una serie de encuentros con docentes en formaci\u00f3n, se trata de la reuni\u00f3n anual donde el secretario general, Marco Aurelio Carbajal Leyva, coincide con quienes cursan el \u00faltimo semestre en las diversas licenciaturas que ofrecen las 36 Escuelas Normales de la entidad, en aras de fortalecer los valores identitarios del gremio magisterial.<\/p>\n<p>Durante las sesiones, Carbajal Leyva estuvo acompa\u00f1ado por Raymundo S\u00e1nchez Zavala, director general de Educaci\u00f3n Normal, coincidencia que manifiesta la excelente relaci\u00f3n y el trabajo colaborativo que tiene el SMSEM con el gobierno estatal.<\/p>\n<p>La gira recorri\u00f3 12 municipios del territorio mexiquense con el \u00fanico prop\u00f3sito de proporcionar a los futuros educadores un an\u00e1lisis de la g\u00e9nesis y extraordinaria historia de nuestro normalismo, que a 142 a\u00f1os de fundaci\u00f3n nos ha heredado un f\u00e9rreo esp\u00edritu sindicalista abrazado a la fraternidad, la solidaridad y la unidad entre hermanos de profesi\u00f3n, vocaci\u00f3n y pasi\u00f3n.<\/p>\n","protected":false},"excerpt":{"rendered":"<p>El Sindicato de Maestros al Servicio del Estado de M\u00e9xico (SMSEM) realiz\u00f3 una serie de encuentros con docentes en formaci\u00f3n, se trata de la reuni\u00f3n anual donde el secretario general, Marco Aurelio Carbajal Leyva, coincide con quienes cursan el \u00faltimo semestre en las diversas licenciaturas que ofrecen las 36 Escuelas Normales de la entidad, en aras de fortalecer los valores identitarios del gremio magisterial.<\/p>\n","protected":false},"author":3,"featured_media":624649,"comment_status":"open","ping_status":"open","sticky":false,"template":"","format":"standard","meta":{"_monsterinsights_skip_tracking":false,"_monsterinsights_sitenote_active":false,"_monsterinsights_sitenote_note":"","_monsterinsights_sitenote_category":0,"footnotes":""},"categories":[5],"tags":[657,100222],"class_list":["post-624598","post","type-post","status-publish","format-standard","has-post-thumbnail","hentry","category-estado-de-mexico","tag-smsem","tag-unidad-magisterial"],"_links":{"self":[{"href":"https:\/\/www.diarioimagen.net\/index.php?rest_route=\/wp\/v2\/posts\/624598","targetHints":{"allow":["GET"]}}],"collection":[{"href":"https:\/\/www.diarioimagen.net\/index.php?rest_route=\/wp\/v2\/posts"}],"about":[{"href":"https:\/\/www.diarioimagen.net\/index.php?rest_route=\/wp\/v2\/types\/post"}],"author":[{"embeddable":true,"href":"https:\/\/www.diarioimagen.net\/index.php?rest_route=\/wp\/v2\/users\/3"}],"replies":[{"embeddable":true,"href":"https:\/\/www.diarioimagen.net\/index.php?rest_route=%2Fwp%2Fv2%2Fcomments&post=624598"}],"version-history":[{"count":0,"href":"https:\/\/www.diarioimagen.net\/index.php?rest_route=\/wp\/v2\/posts\/624598\/revisions"}],"wp:featuredmedia":[{"embeddable":true,"href":"https:\/\/www.diarioimagen.net\/index.php?rest_route=\/wp\/v2\/media\/624649"}],"wp:attachment":[{"href":"https:\/\/www.diarioimagen.net\/index.php?rest_route=%2Fwp%2Fv2%2Fmedia&parent=624598"}],"wp:term":[{"taxonomy":"category","embeddable":true,"href":"https:\/\/www.diarioimagen.net\/index.php?rest_route=%2Fwp%2Fv2%2Fcategories&post=624598"},{"taxonomy":"post_tag","embeddable":true,"href":"https:\/\/www.diarioimagen.net\/index.php?rest_route=%2Fwp%2Fv2%2Ftags&post=624598"}],"curies":[{"name":"wp","href":"https:\/\/api.w.org\/{rel}","templated":true}]}}