{"id":624606,"date":"2024-07-02T00:01:03","date_gmt":"2024-07-02T06:01:03","guid":{"rendered":"https:\/\/www.diarioimagen.net\/?p=624606"},"modified":"2024-07-03T22:52:07","modified_gmt":"2024-07-04T04:52:07","slug":"entrega-amlo-primeros-complementos-del-fondo-de-pensiones-para-el-bienestar","status":"publish","type":"post","link":"https:\/\/www.diarioimagen.net\/?p=624606","title":{"rendered":"Entrega AMLO primeros complementos del Fondo de Pensiones para el Bienestar"},"content":{"rendered":"<p>&nbsp;<\/p>\n<ul>\n<li><strong><em>\u201cUn avance important\u00edsimo\u201d<\/em><\/strong><\/li>\n<\/ul>\n<p>&nbsp;<\/p>\n<div id=\"attachment_624641\" style=\"width: 470px\" class=\"wp-caption aligncenter\"><a href=\"https:\/\/www.diarioimagen.net\/?attachment_id=624641\" rel=\"attachment wp-att-624641\"><img loading=\"lazy\" decoding=\"async\" aria-describedby=\"caption-attachment-624641\" class=\"size-full wp-image-624641\" src=\"https:\/\/www.diarioimagen.net\/wp-content\/uploads\/2024\/07\/amlo.jpg\" alt=\"\" width=\"460\" height=\"270\" srcset=\"https:\/\/www.diarioimagen.net\/wp-content\/uploads\/2024\/07\/amlo.jpg 460w, https:\/\/www.diarioimagen.net\/wp-content\/uploads\/2024\/07\/amlo-240x141.jpg 240w\" sizes=\"auto, (max-width: 460px) 100vw, 460px\" \/><\/a><p id=\"caption-attachment-624641\" class=\"wp-caption-text\">El presidente L\u00f3pez Obrador entreg\u00f3 en Palacio Nacional los primeros complementos del Fondo de Pensiones para el Bienestar.<\/p><\/div>\n<p>&nbsp;<\/p>\n<p>El presidente Andr\u00e9s Manuel L\u00f3pez Obrador entreg\u00f3 en su conferencia ma\u00f1anera de este lunes 1 de julio los primeros complementos del Fondo de Pensiones para el Bienestar, que tendr\u00e1 una bolsa inicial de 44 mil 894 millones de pesos.<\/p>\n<p>Los trabajadores que recibir\u00edan una pensi\u00f3n de 6 mil pesos, a partir de hoy recibir\u00e1n una pensi\u00f3n de 12 mil pesos, el equivalente al 100 por ciento de su \u00faltimo salario.<\/p>\n<p>El primer mandatario sostuvo que este fondo surgi\u00f3 para revertir las pol\u00edticas neoliberales que se aprobaron en los sexenios de Ernesto Zedillo y Felipe Calder\u00f3n, que provoc\u00f3 que los trabajadores se jubilaran con una pensi\u00f3n del 30% de su \u00faltimo salario.<\/p>\n<p>Vamos a informar sobre el inicio del fondo de pensi\u00f3n que se denomina, pensi\u00f3n para el bienestar, que es un complemento para que el trabajador al jubilarse reciba el 100 por ciento de su salario, as\u00ed de sencillo de explicar, porque hicieron reformas en el periodo neoliberal para que el trabajador al jubilarse no recibiera su sueldo, su salario completo\u201d, indic\u00f3.<\/p>\n<p>\u201cIban a recibir el 30 por ciento del \u00faltimo salario, con las reformas que se hicieron cuando (Ernesto) Zedillo y (Felipe) Calder\u00f3n para trabajadores del apartado A y del apartado B, luego en este gobierno hicimos una reforma para que recibieran m\u00e1s, llegamos al 60 por ciento, pero de todas maneras quedaba el 40 por ciento que es lo que estamos resolviendo a partir del d\u00eda de hoy para que el trabajador reciba el 100 por ciento de su salario, es un avance important\u00edsimo\u201d, se\u00f1al\u00f3.<\/p>\n<p>El titular de la Unidad de Seguros, Pensiones y Seguridad Social de la Secretar\u00eda de Hacienda, H\u00e9ctor Santana inform\u00f3 que hasta el momento ya se ha conformado el fondo con 32 mil millones de pesos de los cuales 24 mil 238 millones de pesos provienen de las cuentas no reclamadas de las diversas Afores que no hab\u00eda hecho ese traslado.<\/p>\n<p>En el desagregado de aportaciones de las Afores, el 22 por ciento, el mayor porcentaje proviene de la afore Banorte XXI; el 16 por ciento de Citibanamex e igual porcentaje de Afore Sura, entre las principales.<\/p>\n<p>Estim\u00f3 que en unas semanas se incrementar\u00e1 a 44 mil millones de pesos, con lo que se financiar\u00e1 la entrega de los primeros complementos de las pensiones de trabajadores afectados por las reformas de Zedillo y Calder\u00f3n.<\/p>\n<p>Entre las fuentes de financiamiento de este fideicomiso no s\u00f3lo son las pensiones no reclamadas por trabajadores, sino tambi\u00e9n adeudos de impuestos al Servicio de Administraci\u00f3n Tributaria y al IMSS; un porcentaje importante de los recursos ingresados a la Federaci\u00f3n por el Instituto para Devolverle al Pueblo lo Robado; las utilidades de las empresas p\u00fablicas operadas por la Secretar\u00eda de la Defensa Nacional, entre otras.<\/p>\n<p style=\"text-align: center;\"><strong>Festeja L\u00f3pez Obrador su triunfo de 2018<\/strong><\/p>\n<p>En el sexto aniversario del triunfo electoral por la Presidencia de la Rep\u00fablica, este lunes, L\u00f3pez Obrador lo festej\u00f3 con la presentaci\u00f3n de un video en el que hace un reconocimiento a las personas que lucharon por la transformaci\u00f3n del pa\u00eds, desde personajes como Demetrio Vallejo, Rub\u00e9n Jaramillo, Salvador Nava, Cuauht\u00e9moc C\u00e1rdenas, Julio Scherer, Carlos Pay\u00e1n y Carlos Monsiv\u00e1is, entre muchos otros.<\/p>\n<p>En su conferencia matutina, L\u00f3pez Obrador resalt\u00f3 que el movimiento de transformaci\u00f3n se hizo desde abajo y entre todos. Y hace seis a\u00f1os, despu\u00e9s de fraudes y de varios intentos, se logr\u00f3 el triunfo del movimiento de transformaci\u00f3n y llegamos a la presidencia de la Rep\u00fablica.<\/p>\n<p>Ahora, agreg\u00f3, \u201cestamos muy contentos porque hace un mes se volvi\u00f3 a triunfar, se ratific\u00f3 el apoyo del pueblo para que contin\u00fae la transformaci\u00f3n\u201d con Claudia Sheinbaum, ganadora de las elecciones del pasado 2 de junio.<\/p>\n","protected":false},"excerpt":{"rendered":"<p>El presidente Andr\u00e9s Manuel L\u00f3pez Obrador entreg\u00f3 en su conferencia ma\u00f1anera de este lunes 1 de julio los primeros complementos del Fondo de Pensiones para el Bienestar, que tendr\u00e1 una bolsa inicial de 44 mil 894 millones de pesos.<\/p>\n","protected":false},"author":3,"featured_media":624641,"comment_status":"open","ping_status":"open","sticky":false,"template":"","format":"standard","meta":{"_monsterinsights_skip_tracking":false,"_monsterinsights_sitenote_active":false,"_monsterinsights_sitenote_note":"","_monsterinsights_sitenote_category":0,"footnotes":""},"categories":[17,8],"tags":[100225,25702],"class_list":["post-624606","post","type-post","status-publish","format-standard","has-post-thumbnail","hentry","category-especiales","category-finanzas","tag-fondo-de-pensiones-para-el-bienestar","tag-pension"],"_links":{"self":[{"href":"https:\/\/www.diarioimagen.net\/index.php?rest_route=\/wp\/v2\/posts\/624606","targetHints":{"allow":["GET"]}}],"collection":[{"href":"https:\/\/www.diarioimagen.net\/index.php?rest_route=\/wp\/v2\/posts"}],"about":[{"href":"https:\/\/www.diarioimagen.net\/index.php?rest_route=\/wp\/v2\/types\/post"}],"author":[{"embeddable":true,"href":"https:\/\/www.diarioimagen.net\/index.php?rest_route=\/wp\/v2\/users\/3"}],"replies":[{"embeddable":true,"href":"https:\/\/www.diarioimagen.net\/index.php?rest_route=%2Fwp%2Fv2%2Fcomments&post=624606"}],"version-history":[{"count":0,"href":"https:\/\/www.diarioimagen.net\/index.php?rest_route=\/wp\/v2\/posts\/624606\/revisions"}],"wp:featuredmedia":[{"embeddable":true,"href":"https:\/\/www.diarioimagen.net\/index.php?rest_route=\/wp\/v2\/media\/624641"}],"wp:attachment":[{"href":"https:\/\/www.diarioimagen.net\/index.php?rest_route=%2Fwp%2Fv2%2Fmedia&parent=624606"}],"wp:term":[{"taxonomy":"category","embeddable":true,"href":"https:\/\/www.diarioimagen.net\/index.php?rest_route=%2Fwp%2Fv2%2Fcategories&post=624606"},{"taxonomy":"post_tag","embeddable":true,"href":"https:\/\/www.diarioimagen.net\/index.php?rest_route=%2Fwp%2Fv2%2Ftags&post=624606"}],"curies":[{"name":"wp","href":"https:\/\/api.w.org\/{rel}","templated":true}]}}