{"id":624689,"date":"2024-07-02T00:03:26","date_gmt":"2024-07-02T06:03:26","guid":{"rendered":"https:\/\/www.diarioimagen.net\/?p=624689"},"modified":"2024-07-02T01:50:39","modified_gmt":"2024-07-02T07:50:39","slug":"no-pintan-su-raya-ni-en-el-fut","status":"publish","type":"post","link":"https:\/\/www.diarioimagen.net\/?p=624689","title":{"rendered":"No pintan\u2026 su raya, ni en el fut"},"content":{"rendered":"<h2>Espacio Electoral<\/h2>\n<h5>Eleazar Flores<\/h5>\n<p>&nbsp;<\/p>\n<p><strong>\u00bfFALTA DE RESPETO?-.<\/strong> El diario estadounidense <em>The Wall Street Journal<\/em> tiene periodistas mucho mejor informados que los cuerpos policiacos de su propio pa\u00eds, por lo que ALGO SABR\u00c1, cuando le sugiere a la futura presidenta mexicana Claudia Sheinbaum PINTAR SU RAYA con el mandatario en funciones, Andr\u00e9s Manuel L\u00f3pez Obrador.<\/p>\n<p>Pareja finsemanera de giras de supervisi\u00f3n de obras, hasta hoy al sureste, pero ya se anuncian por el norte, seguramente en sus LARGOS RECORRIDOS, don Andr\u00e9s y do\u00f1a Claudia emplean su valioso e importante tiempo para HABLAR DE BEISBOL, tema presidencial favorito, es atentatorio suponer que revisar\u00e1n cosas de pol\u00edtica. De fut, menos.<\/p>\n<p>El que luego de esas giras, nuestra futura COMANDANTA SUPREMA da a conocer los jueves a nuevos integrantes del futuro GABINETAZO, no crea que lo consulta con ya sabe qui\u00e9n.<\/p>\n<p>Lo que pasa es que integrar un gabinete cuesta\u00a0 trabajo, pues adem\u00e1s de anteponer lealtad, ahora se agrega prestigio acad\u00e9mico, as\u00ed sea de personas ajenas a la pol\u00edtica, en algunos casos, m\u00e1s no al estudio y la investigaci\u00f3n, por lo que, cuando menos, hay que concederles el BENEFICIO DE LA DUDA a todos-as.<\/p>\n<p>El diario neoyorquino nacido en el inolvidable siglo XX es quien incluye en sus p\u00e1ginas de ayer la insinuaci\u00f3n de injerencia presidencial con su sucesora.<\/p>\n<p><strong>JALISCO-.<\/strong> Pero da la casualidad que el sentir y ojos femenino tapat\u00edo, coincidieron con el contenido del peri\u00f3dico estadounidense y mire que ENTRE MUJERES saben m\u00e1s que los hombres de ellas, por m\u00e1s que presumamos lo contrario; as\u00ed que hay que tomar en cuenta\u00a0 el sexto sentido, m\u00e1xime que se trata de mujeres productivas y preparadas.<\/p>\n<p>Mariana Garc\u00eda, del Consejo Empresarial de Mujeres, Lourdes C\u00e1zares, de la C\u00e1mara de la Joyer\u00eda y Beatriz Mora de la Comisi\u00f3n de Mujeres de la Industria, todas del estado sede del REBA\u00d1O SAGRADO, ganaron espacio en la esquina inferior izquierda de la primera plana del peri\u00f3dico preferido por el padre de la Cuarta Transformaci\u00f3n o sea el diario <em>REFORMA<\/em>.<\/p>\n<p>Palabras m\u00e1s palabras menos, y en el orden citado, las mujeres dijeron: \u201cEsperemos que la se\u00f1ora marque su l\u00ednea y le d\u00e9 un sentido personal a su gobierno\u2026\u201dque no se limite a seguir directrices del presidente L\u00f3pez Obrador\u201d\u2026 \u201cque el mandatario debe aceptar que su periodo est\u00e1 terminando y permita que su sucesora lidere su propio proyecto\u201d.<\/p>\n<p>Como ver\u00e1, no solamente <em>The Wall Street Journal<\/em>, tambi\u00e9n las mujeres empresarias jaliscienses, quienes coincidiendo en el tiempo, y tambi\u00e9n lo hacen en esta advertencia, a quien dirigir\u00e1 los destinos de M\u00e9xico de aqu\u00ed al 2030.<\/p>\n<p>Pa\u00eds habitado hoy por unos 130 millones de mexicanos, pero f\u00e1cilmente llegaremos a unos 135 millones. De ese tama\u00f1o es la RESPONSABILIDAD, nom\u00e1s.<\/p>\n<p>Para demostrar no pintar raya alguna, instaurar\u00e1n el D\u00cdA DE LA TRANSFORMACI\u00d3N.<\/p>\n<p><em><a href=\"mailto:elefa44@gmail.com\" target=\"_blank\" rel=\"noopener noreferrer\">elefa44@gmail.com<\/a><\/em><\/p>\n","protected":false},"excerpt":{"rendered":"<p><span style=\"color: #005497;\"><strong>Eleazar Flores<\/strong><\/span><\/p>\n","protected":false},"author":3,"featured_media":0,"comment_status":"open","ping_status":"open","sticky":false,"template":"","format":"standard","meta":{"_monsterinsights_skip_tracking":false,"_monsterinsights_sitenote_active":false,"_monsterinsights_sitenote_note":"","_monsterinsights_sitenote_category":0,"footnotes":""},"categories":[81743],"tags":[81744,81776,43674],"class_list":["post-624689","post","type-post","status-publish","format-standard","hentry","category-eleazar-flores","tag-eleazar-flores","tag-espacio-electoral","tag-opinion"],"_links":{"self":[{"href":"https:\/\/www.diarioimagen.net\/index.php?rest_route=\/wp\/v2\/posts\/624689","targetHints":{"allow":["GET"]}}],"collection":[{"href":"https:\/\/www.diarioimagen.net\/index.php?rest_route=\/wp\/v2\/posts"}],"about":[{"href":"https:\/\/www.diarioimagen.net\/index.php?rest_route=\/wp\/v2\/types\/post"}],"author":[{"embeddable":true,"href":"https:\/\/www.diarioimagen.net\/index.php?rest_route=\/wp\/v2\/users\/3"}],"replies":[{"embeddable":true,"href":"https:\/\/www.diarioimagen.net\/index.php?rest_route=%2Fwp%2Fv2%2Fcomments&post=624689"}],"version-history":[{"count":0,"href":"https:\/\/www.diarioimagen.net\/index.php?rest_route=\/wp\/v2\/posts\/624689\/revisions"}],"wp:attachment":[{"href":"https:\/\/www.diarioimagen.net\/index.php?rest_route=%2Fwp%2Fv2%2Fmedia&parent=624689"}],"wp:term":[{"taxonomy":"category","embeddable":true,"href":"https:\/\/www.diarioimagen.net\/index.php?rest_route=%2Fwp%2Fv2%2Fcategories&post=624689"},{"taxonomy":"post_tag","embeddable":true,"href":"https:\/\/www.diarioimagen.net\/index.php?rest_route=%2Fwp%2Fv2%2Ftags&post=624689"}],"curies":[{"name":"wp","href":"https:\/\/api.w.org\/{rel}","templated":true}]}}