{"id":624741,"date":"2024-07-03T00:09:19","date_gmt":"2024-07-03T06:09:19","guid":{"rendered":"https:\/\/www.diarioimagen.net\/?p=624741"},"modified":"2024-07-04T01:45:00","modified_gmt":"2024-07-04T07:45:00","slug":"estudiantes-de-la-uaemex-impulsan-cultivo-del-nopal-verdura-en-zumpango","status":"publish","type":"post","link":"https:\/\/www.diarioimagen.net\/?p=624741","title":{"rendered":"Estudiantes de la UAEM\u00e9x impulsan cultivo del nopal verdura en Zumpango"},"content":{"rendered":"<p>&nbsp;<\/p>\n<div id=\"attachment_624827\" style=\"width: 470px\" class=\"wp-caption aligncenter\"><a href=\"https:\/\/www.diarioimagen.net\/?attachment_id=624827\" rel=\"attachment wp-att-624827\"><img loading=\"lazy\" decoding=\"async\" aria-describedby=\"caption-attachment-624827\" class=\"size-full wp-image-624827\" src=\"https:\/\/www.diarioimagen.net\/wp-content\/uploads\/2024\/07\/uaem-estudiantes.jpg\" alt=\"\" width=\"460\" height=\"270\" srcset=\"https:\/\/www.diarioimagen.net\/wp-content\/uploads\/2024\/07\/uaem-estudiantes.jpg 460w, https:\/\/www.diarioimagen.net\/wp-content\/uploads\/2024\/07\/uaem-estudiantes-240x141.jpg 240w\" sizes=\"auto, (max-width: 460px) 100vw, 460px\" \/><\/a><p id=\"caption-attachment-624827\" class=\"wp-caption-text\">En terrenos del Centro Universitario Zumpango de la UAEM\u00e9x plantaron 300 pencas, que inicialmente se regar\u00e1n mediante pipas y la producci\u00f3n depender\u00e1 de la cantidad de agua de que dispongan las plantas.<\/p><\/div>\n<p>&nbsp;<\/p>\n<p><strong>Zumpango, Estado de M\u00e9xico.<\/strong>\u2014 En respuesta a la sequ\u00eda que afecta la regi\u00f3n, estudiantes de la carrera de Ingeniero Agr\u00f3nomo en Producci\u00f3n del Centro Universitario Zumpango de la Universidad Aut\u00f3noma del Estado de M\u00e9xico (UAEM\u00e9x) impulsan el establecimiento del cultivo del nopal verdura.<\/p>\n<p>Juan Carlos B\u00e1rcenas Escalona y Jes\u00fas P\u00e9rez Santander indicaron que como parte de su Servicio Social, que iniciaron en agosto de 2023 en las Brigadas Universitarias Multidisciplinarias, plantearon la posibilidad de establecer el cultivo de esta planta originaria de M\u00e9xico en terrenos del Centro Universitario Zumpango. Enfatizaron que las condiciones clim\u00e1ticas en el municipio son severas. Hay escasez de agua y el suelo es muy delgado, muy duro. Definitivamente, son entornos nada favorables para el cultivo, por ejemplo, del ma\u00edz, que fructifica con base en una gran demanda de agua.<\/p>\n<p>Por otra parte, abundaron, buscamos concientizar a la comunidad de que en la zona se ha perdido mucho la agricultura e, incluso, las personas salen a otros lugares a comprar su despensa, incluidos los nopales, que siempre son consumidos a gran escala.<\/p>\n<p>Una vez que nos aprobaron el proyecto, dijeron, comenzamos con la preparaci\u00f3n del terreno y finalmente, plantamos 300 pencas. Inicialmente, precisaron, se regar\u00e1n mediante pipas y la producci\u00f3n depender\u00e1 de la cantidad de agua de que dispongan las plantas.<\/p>\n<p>B\u00e1rcenas Escalona y P\u00e9rez Santander puntualizaron que no buscan la comercializaci\u00f3n del nopal y la tuna -que es fofa y no tiene mucho sabor como la del nopal tunero-, as\u00ed que se ofrecer\u00e1n a la gente del municipio y de esta manera, consideraron, tambi\u00e9n reafirmaremos los v\u00ednculos de la comunidad del Centro Universitario Zumpango con la poblaci\u00f3n.<\/p>\n","protected":false},"excerpt":{"rendered":"<p>En respuesta a la sequ\u00eda que afecta la regi\u00f3n, estudiantes de la carrera de Ingeniero Agr\u00f3nomo en Producci\u00f3n del Centro Universitario Zumpango de la Universidad Aut\u00f3noma del Estado de M\u00e9xico (UAEM\u00e9x) impulsan el establecimiento del cultivo del nopal verdura.<\/p>\n","protected":false},"author":3,"featured_media":624827,"comment_status":"open","ping_status":"open","sticky":false,"template":"","format":"standard","meta":{"_monsterinsights_skip_tracking":false,"_monsterinsights_sitenote_active":false,"_monsterinsights_sitenote_note":"","_monsterinsights_sitenote_category":0,"footnotes":""},"categories":[5],"tags":[14311,67878],"class_list":["post-624741","post","type-post","status-publish","format-standard","has-post-thumbnail","hentry","category-estado-de-mexico","tag-nopal","tag-uaemex"],"_links":{"self":[{"href":"https:\/\/www.diarioimagen.net\/index.php?rest_route=\/wp\/v2\/posts\/624741","targetHints":{"allow":["GET"]}}],"collection":[{"href":"https:\/\/www.diarioimagen.net\/index.php?rest_route=\/wp\/v2\/posts"}],"about":[{"href":"https:\/\/www.diarioimagen.net\/index.php?rest_route=\/wp\/v2\/types\/post"}],"author":[{"embeddable":true,"href":"https:\/\/www.diarioimagen.net\/index.php?rest_route=\/wp\/v2\/users\/3"}],"replies":[{"embeddable":true,"href":"https:\/\/www.diarioimagen.net\/index.php?rest_route=%2Fwp%2Fv2%2Fcomments&post=624741"}],"version-history":[{"count":0,"href":"https:\/\/www.diarioimagen.net\/index.php?rest_route=\/wp\/v2\/posts\/624741\/revisions"}],"wp:featuredmedia":[{"embeddable":true,"href":"https:\/\/www.diarioimagen.net\/index.php?rest_route=\/wp\/v2\/media\/624827"}],"wp:attachment":[{"href":"https:\/\/www.diarioimagen.net\/index.php?rest_route=%2Fwp%2Fv2%2Fmedia&parent=624741"}],"wp:term":[{"taxonomy":"category","embeddable":true,"href":"https:\/\/www.diarioimagen.net\/index.php?rest_route=%2Fwp%2Fv2%2Fcategories&post=624741"},{"taxonomy":"post_tag","embeddable":true,"href":"https:\/\/www.diarioimagen.net\/index.php?rest_route=%2Fwp%2Fv2%2Ftags&post=624741"}],"curies":[{"name":"wp","href":"https:\/\/api.w.org\/{rel}","templated":true}]}}