{"id":624751,"date":"2024-07-03T00:02:12","date_gmt":"2024-07-03T06:02:12","guid":{"rendered":"https:\/\/www.diarioimagen.net\/?p=624751"},"modified":"2024-07-03T01:32:34","modified_gmt":"2024-07-03T07:32:34","slug":"incendio-en-palacio-municipal-de-naucalpan-no-afecto-su-estructura","status":"publish","type":"post","link":"https:\/\/www.diarioimagen.net\/?p=624751","title":{"rendered":"Incendio en Palacio Municipal de Naucalpan no afect\u00f3 su estructura"},"content":{"rendered":"<p>&nbsp;<\/p>\n<ul>\n<li><em><strong>Informe de Protecci\u00f3n Civil<\/strong><\/em><\/li>\n<\/ul>\n<p>&nbsp;<\/p>\n<div id=\"attachment_624863\" style=\"width: 470px\" class=\"wp-caption aligncenter\"><a href=\"https:\/\/www.diarioimagen.net\/?attachment_id=624863\" rel=\"attachment wp-att-624863\"><img loading=\"lazy\" decoding=\"async\" aria-describedby=\"caption-attachment-624863\" class=\"size-full wp-image-624863\" src=\"https:\/\/www.diarioimagen.net\/wp-content\/uploads\/2024\/07\/incendio-palacio-municipal.jpg\" alt=\"\" width=\"460\" height=\"270\" srcset=\"https:\/\/www.diarioimagen.net\/wp-content\/uploads\/2024\/07\/incendio-palacio-municipal.jpg 460w, https:\/\/www.diarioimagen.net\/wp-content\/uploads\/2024\/07\/incendio-palacio-municipal-240x141.jpg 240w\" sizes=\"auto, (max-width: 460px) 100vw, 460px\" \/><\/a><p id=\"caption-attachment-624863\" class=\"wp-caption-text\">Tras el incendio registrado el fin de semana en el Palacio Municipal de Naucalpan, Protecci\u00f3n Civil determin\u00f3 que \u201cno se observaron da\u00f1os considerables a nivel estructural\u201d.<\/p><\/div>\n<p>&nbsp;<\/p>\n<p><strong>Naucalpan, Estado de M\u00e9xico.\u2014<\/strong> Al realizar una inspecci\u00f3n visual y el an\u00e1lisis de da\u00f1os de la estructura de concreto del Palacio Municipal, la Coordinaci\u00f3n Municipal de Protecci\u00f3n Civil y Bomberos de este municipio, determin\u00f3 que posterior al incendio registrado la madrugada del 29 de junio \u201cno se observaron da\u00f1os considerables a nivel estructural que comprometan la estabilidad del inmueble\u201d.<\/p>\n<p>Mois\u00e9s Minquini Matilde, titular de la dependencia, indic\u00f3 que todav\u00eda falta que la Fiscal\u00eda General de Justicia del Estado de M\u00e9xico entregue las conclusiones de los peritajes que realiz\u00f3, a partir de una carpeta de investigaci\u00f3n que inici\u00f3 contra \u201cqui\u00e9n resulte responsable\u201d para determinar las causas del siniestro.<\/p>\n<p>Por instrucciones de la alcaldesa Ang\u00e9lica Moya Mar\u00edn, una vez que se tenga este documento se dar\u00e1 a conocer a la ciudadan\u00eda como parte de la pol\u00edtica de transparencia que ha caracterizado a su gobierno.<\/p>\n<p>Minquini Matilde se\u00f1al\u00f3 que personal t\u00e9cnico operativo adscrito a la Subdirecci\u00f3n de Protecci\u00f3n Civil efectu\u00f3 una inspecci\u00f3n visual t\u00e9cnica arquitect\u00f3nica en la estructura principal de concreto armado de las oficinas de Presidencia Municipal y Secretar\u00eda del Ayuntamiento.<\/p>\n<p>Durante la inspecci\u00f3n se revisaron los elementos estructurales principales de concreto armado o de acero, como vigas, columnas, viguetas, trabes, losas de entrepiso y conexiones; se buscaron fisuras, grietas y deformaciones por flexi\u00f3n, pandeos o cualquier otra anomal\u00eda de los elementos estructurales, adem\u00e1s de efectuarse un an\u00e1lisis de las zonas afectadas por el siniestro, considerando el impacto y duraci\u00f3n.<\/p>\n<p>El titular de la Direcci\u00f3n General de Administraci\u00f3n, Gabriel Garc\u00eda Mart\u00ednez, explic\u00f3 que en las \u00e1reas de Secretar\u00eda del Ayuntamiento, Subsecretar\u00eda y Secretar\u00eda T\u00e9cnica, fueron afectados por las llamas 9 equipos de c\u00f3mputo, 10 escritorios, 13 sillas, 14 archiveros, 1 pantalla, 1 esc\u00e1ner, 3 aires acondicionados, 4 sillones ejecutivos, 2 cuadros; en tanto que en la Oficina de Presidencia 4 cuadros y 2 aires acondicionados.<\/p>\n<p>Precis\u00f3 que no hubo p\u00e9rdida de informaci\u00f3n para la conducci\u00f3n del gobierno municipal, como las actas de cabildo, ya que se encuentra digitalizada y respaldada debidamente. Las \u00e1reas que dan servicio al p\u00fablico se encuentran funcionando, mientras que el personal de las \u00e1reas afectadas fue reubicado temporalmente.<\/p>\n","protected":false},"excerpt":{"rendered":"<p>Al realizar una inspecci\u00f3n visual y el an\u00e1lisis de da\u00f1os de la estructura de concreto del Palacio Municipal, la Coordinaci\u00f3n Municipal de Protecci\u00f3n Civil y Bomberos de este municipio, determin\u00f3 que posterior al incendio registrado la madrugada del 29 de junio \u201cno se observaron da\u00f1os considerables a nivel estructural que comprometan la estabilidad del inmueble\u201d.<\/p>\n","protected":false},"author":3,"featured_media":624863,"comment_status":"open","ping_status":"open","sticky":false,"template":"","format":"standard","meta":{"_monsterinsights_skip_tracking":false,"_monsterinsights_sitenote_active":false,"_monsterinsights_sitenote_note":"","_monsterinsights_sitenote_category":0,"footnotes":""},"categories":[5],"tags":[43675,8065,970,69796],"class_list":["post-624751","post","type-post","status-publish","format-standard","has-post-thumbnail","hentry","category-estado-de-mexico","tag-estado-de-mexico","tag-incendio","tag-naucalpan","tag-palacio-municipal"],"_links":{"self":[{"href":"https:\/\/www.diarioimagen.net\/index.php?rest_route=\/wp\/v2\/posts\/624751","targetHints":{"allow":["GET"]}}],"collection":[{"href":"https:\/\/www.diarioimagen.net\/index.php?rest_route=\/wp\/v2\/posts"}],"about":[{"href":"https:\/\/www.diarioimagen.net\/index.php?rest_route=\/wp\/v2\/types\/post"}],"author":[{"embeddable":true,"href":"https:\/\/www.diarioimagen.net\/index.php?rest_route=\/wp\/v2\/users\/3"}],"replies":[{"embeddable":true,"href":"https:\/\/www.diarioimagen.net\/index.php?rest_route=%2Fwp%2Fv2%2Fcomments&post=624751"}],"version-history":[{"count":0,"href":"https:\/\/www.diarioimagen.net\/index.php?rest_route=\/wp\/v2\/posts\/624751\/revisions"}],"wp:featuredmedia":[{"embeddable":true,"href":"https:\/\/www.diarioimagen.net\/index.php?rest_route=\/wp\/v2\/media\/624863"}],"wp:attachment":[{"href":"https:\/\/www.diarioimagen.net\/index.php?rest_route=%2Fwp%2Fv2%2Fmedia&parent=624751"}],"wp:term":[{"taxonomy":"category","embeddable":true,"href":"https:\/\/www.diarioimagen.net\/index.php?rest_route=%2Fwp%2Fv2%2Fcategories&post=624751"},{"taxonomy":"post_tag","embeddable":true,"href":"https:\/\/www.diarioimagen.net\/index.php?rest_route=%2Fwp%2Fv2%2Ftags&post=624751"}],"curies":[{"name":"wp","href":"https:\/\/api.w.org\/{rel}","templated":true}]}}