{"id":624755,"date":"2024-07-03T00:06:11","date_gmt":"2024-07-03T06:06:11","guid":{"rendered":"https:\/\/www.diarioimagen.net\/?p=624755"},"modified":"2024-07-03T23:23:15","modified_gmt":"2024-07-04T05:23:15","slug":"edomex-y-gobierno-federal-inician-entrega-de-tarjetas-imss-bienestar","status":"publish","type":"post","link":"https:\/\/www.diarioimagen.net\/?p=624755","title":{"rendered":"Edomex y gobierno federal inician entrega de tarjetas IMSS-Bienestar"},"content":{"rendered":"<p>&nbsp;<\/p>\n<h2 style=\"text-align: center;\">Concluyen basificaci\u00f3n de m\u00e9dicos y enfermeras<\/h2>\n<p>&nbsp;<\/p>\n<ul>\n<li><strong><em>M\u00e1s de 9 millones de mexiquenses sin seguridad social tendr\u00e1n atenci\u00f3n m\u00e9dica sin costo<\/em><\/strong><\/li>\n<\/ul>\n<p><strong>\u00a0<\/strong><\/p>\n<div id=\"attachment_624871\" style=\"width: 470px\" class=\"wp-caption aligncenter\"><a href=\"https:\/\/www.diarioimagen.net\/?attachment_id=624871\" rel=\"attachment wp-att-624871\"><img loading=\"lazy\" decoding=\"async\" aria-describedby=\"caption-attachment-624871\" class=\"size-full wp-image-624871\" src=\"https:\/\/www.diarioimagen.net\/wp-content\/uploads\/2024\/07\/edomex-gobierno-federal.jpg\" alt=\"\" width=\"460\" height=\"270\" srcset=\"https:\/\/www.diarioimagen.net\/wp-content\/uploads\/2024\/07\/edomex-gobierno-federal.jpg 460w, https:\/\/www.diarioimagen.net\/wp-content\/uploads\/2024\/07\/edomex-gobierno-federal-240x141.jpg 240w\" sizes=\"auto, (max-width: 460px) 100vw, 460px\" \/><\/a><p id=\"caption-attachment-624871\" class=\"wp-caption-text\">Edomex y el Instituto Mexicano del Seguro Social iniciaron la entrega de tarjetas a beneficiarios del sistema de salud IMSS-Bienestar en el estado.<\/p><\/div>\n<p>&nbsp;<\/p>\n<p><strong>Toluca, Estado de M\u00e9xico.\u2013 <\/strong>El gobierno de la Maestra Delfina G\u00f3mez \u00c1lvarez y el Instituto Mexicano del Seguro Social (IMSS) iniciaron la entrega de tarjetas a beneficiarios del sistema de salud IMSS-Bienestar en el Estado de M\u00e9xico, y concluy\u00f3 la primera etapa de basificaci\u00f3n del personal m\u00e9dico en la entidad.<\/p>\n<p>\u201cEn la conferencia matutina del Presidente Andr\u00e9s Manuel @lopezobrador_ el Director General del IMSS, el maestro @zoerobledo, inform\u00f3 sobre el proceso de basificiaci\u00f3n del personal de salud que ya hemos iniciado de en el #EstadoDeM\u00e9xico, de manera coordinada con el gobierno federal. Vamos bien y seguiremos trabajando por el bienestar y la salud de la gente. #ElPoderDeServir\u201d, inform\u00f3 la gobernadora Delfina G\u00f3mez \u00c1lvarez en sus redes sociales.<\/p>\n<p>Desde la ciudad de Toluca, la gobernadora Delfina G\u00f3mez \u00c1lvarez se enlaz\u00f3 a la conferencia matutina, donde agradeci\u00f3 al Presidente Andr\u00e9s Manuel L\u00f3pez Obrador las acciones en beneficio de 9.1 millones de personas sin seguridad social en la entidad mexiquense.<\/p>\n<p>\u201cDesde el Auditorio del Centro M\u00e9dico \u201cLic. Adolfo L\u00f3pez Mateos\u201d nos enlazamos a la Conferencia del Presidente Andr\u00e9s Manuel L\u00f3pez Obrador donde, en conjunto con compa\u00f1eros gobernadores, continuamos con la entrega de credenciales del Programa IMSS-Bienestar.<\/p>\n<p>\u201cCon esta credencial, tambi\u00e9n se generar\u00e1 el expediente cl\u00ednico electr\u00f3nico del paciente, el cual sin importar en qu\u00e9 instituci\u00f3n de salud sea generado, podr\u00e1 ser consultado por el m\u00e9dico mediante el c\u00f3digo QR de la tarjeta. En esfuerzo coordinado con el Gobierno de M\u00e9xico, los gobiernos de la transformaci\u00f3n trabajamos para garantizar el acceso a la salud de la poblaci\u00f3n\u201d, coment\u00f3 la Maestra Delfina G\u00f3mez \u00c1lvarez en sus redes sociales.<\/p>\n<p>Con la credencial, que los acreditar\u00e1 como beneficiarios del IMSS-Bienestar, los mexiquenses podr\u00e1n acceder a atenci\u00f3n m\u00e9dica, medicamentos, consulta, estudios de laboratorio e intervenciones quir\u00fargicas sin costo en cl\u00ednicas y hospitales del Estado de M\u00e9xico.<\/p>\n<p>Zo\u00e9 Robledo detall\u00f3 que 8 mil 696 trabajadores cumplieron con los requisitos para este proceso, quienes ahora ya cuentan con una plaza permanente, prestaciones y un salario de acuerdo con el tabulador de IMSS-Bienestar. Esto significa una inversi\u00f3n de 4 mil 068 millones de pesos.<\/p>\n<p>Hay que recordar que el registro al IMSS-Bienestar contin\u00faa, para ser derechohabiente se debe ingresar a la p\u00e1gina <em>https:\/\/app-registro.imssbienestar.gob.mx\/<\/em> y tener a la mano los siguientes requisitos: CURP, una fotograf\u00eda de rosto, identificaci\u00f3n oficial y un correo electr\u00f3nico.<\/p>\n","protected":false},"excerpt":{"rendered":"<p>El gobierno de la Maestra Delfina G\u00f3mez \u00c1lvarez y el Instituto Mexicano del Seguro Social (IMSS) iniciaron la entrega de tarjetas a beneficiarios del sistema de salud IMSS-Bienestar en el Estado de M\u00e9xico, y concluy\u00f3 la primera etapa de basificaci\u00f3n del personal m\u00e9dico en la entidad.<\/p>\n","protected":false},"author":3,"featured_media":624871,"comment_status":"open","ping_status":"open","sticky":false,"template":"","format":"standard","meta":{"_monsterinsights_skip_tracking":false,"_monsterinsights_sitenote_active":false,"_monsterinsights_sitenote_note":"","_monsterinsights_sitenote_category":0,"footnotes":""},"categories":[18863,99730],"tags":[68,89886,78868],"class_list":["post-624755","post","type-post","status-publish","format-standard","has-post-thumbnail","hentry","category-salud-edomex","category-edomex","tag-edomex","tag-imss-bienestar","tag-tarjeta"],"_links":{"self":[{"href":"https:\/\/www.diarioimagen.net\/index.php?rest_route=\/wp\/v2\/posts\/624755","targetHints":{"allow":["GET"]}}],"collection":[{"href":"https:\/\/www.diarioimagen.net\/index.php?rest_route=\/wp\/v2\/posts"}],"about":[{"href":"https:\/\/www.diarioimagen.net\/index.php?rest_route=\/wp\/v2\/types\/post"}],"author":[{"embeddable":true,"href":"https:\/\/www.diarioimagen.net\/index.php?rest_route=\/wp\/v2\/users\/3"}],"replies":[{"embeddable":true,"href":"https:\/\/www.diarioimagen.net\/index.php?rest_route=%2Fwp%2Fv2%2Fcomments&post=624755"}],"version-history":[{"count":0,"href":"https:\/\/www.diarioimagen.net\/index.php?rest_route=\/wp\/v2\/posts\/624755\/revisions"}],"wp:featuredmedia":[{"embeddable":true,"href":"https:\/\/www.diarioimagen.net\/index.php?rest_route=\/wp\/v2\/media\/624871"}],"wp:attachment":[{"href":"https:\/\/www.diarioimagen.net\/index.php?rest_route=%2Fwp%2Fv2%2Fmedia&parent=624755"}],"wp:term":[{"taxonomy":"category","embeddable":true,"href":"https:\/\/www.diarioimagen.net\/index.php?rest_route=%2Fwp%2Fv2%2Fcategories&post=624755"},{"taxonomy":"post_tag","embeddable":true,"href":"https:\/\/www.diarioimagen.net\/index.php?rest_route=%2Fwp%2Fv2%2Ftags&post=624755"}],"curies":[{"name":"wp","href":"https:\/\/api.w.org\/{rel}","templated":true}]}}