{"id":624893,"date":"2024-07-04T00:01:00","date_gmt":"2024-07-04T06:01:00","guid":{"rendered":"https:\/\/www.diarioimagen.net\/?p=624893"},"modified":"2024-07-05T01:39:43","modified_gmt":"2024-07-05T07:39:43","slug":"ni-soy-cacique-ni-claudia-es-pelele-afirma-lopez-obrador","status":"publish","type":"post","link":"https:\/\/www.diarioimagen.net\/?p=624893","title":{"rendered":"\u201cNi soy cacique ni Claudia es pelele\u201d, afirma L\u00f3pez Obrador"},"content":{"rendered":"<p>&nbsp;<\/p>\n<ul>\n<li><em><strong>Retiro de la vida pol\u00edtica desde octubre<\/strong><\/em><\/li>\n<\/ul>\n<p>&nbsp;<\/p>\n<div id=\"attachment_624960\" style=\"width: 470px\" class=\"wp-caption aligncenter\"><a href=\"https:\/\/www.diarioimagen.net\/?attachment_id=624960\" rel=\"attachment wp-att-624960\"><img loading=\"lazy\" decoding=\"async\" aria-describedby=\"caption-attachment-624960\" class=\"size-full wp-image-624960\" src=\"https:\/\/www.diarioimagen.net\/wp-content\/uploads\/2024\/07\/amlo-2.jpg\" alt=\"\" width=\"460\" height=\"270\" srcset=\"https:\/\/www.diarioimagen.net\/wp-content\/uploads\/2024\/07\/amlo-2.jpg 460w, https:\/\/www.diarioimagen.net\/wp-content\/uploads\/2024\/07\/amlo-2-240x141.jpg 240w\" sizes=\"auto, (max-width: 460px) 100vw, 460px\" \/><\/a><p id=\"caption-attachment-624960\" class=\"wp-caption-text\">Andr\u00e9s Manuel L\u00f3pez Obrador dej\u00f3 claro que \u201cla raya est\u00e1 pintada\u201d con Sheinbaum Pardo a partir del 1 de octubre, cuando la morenista asuma como Presidenta.<\/p><\/div>\n<p>&nbsp;<\/p>\n<p>Luego que la virtual presidenta electa, Claudia Sheinbaum, declarara que no pintar\u00eda su raya con el saliente titular del Ejecutivo federal, el presidente Andr\u00e9s Manuel L\u00f3pez Obrador dijo tajantemente en su ma\u00f1anera de este mi\u00e9rcoles que \u00e9l no es cacique, ni ella es pelele.<\/p>\n<p>El mandatario federal dej\u00f3 claro que \u201cla raya est\u00e1 pintada\u201d con Sheinbaum Pardo a partir del 1 de octubre, cuando la morenista asuma como Presidenta del pa\u00eds, esto dicho durante la conferencia de prensa matutina desde Palacio Nacional.<\/p>\n<p>L\u00f3pez Obrador dijo que sus adversarios son muy obvios y quisieran que hubiera pelea con Sheinbaum y \u201cpor eso hablan de pintar la raya, se olvidan que la raya est\u00e1 pintada, la presidenta electa entra en funciones pasadas las 12 de la noche el \u00faltimo d\u00eda de septiembre; yo paso a ser un ciudadano y ella se convierte en el titular del Ejecutivo\u201d.<\/p>\n<p>Reiter\u00f3 que una vez que entregue la banda presidencial, se retirar\u00e1 de la vida pol\u00edtica y p\u00fablica para escribir un libro sobre la vida del M\u00e9xico prehisp\u00e1nico.<\/p>\n<p>\u201cMi Presidenta es mi Presidenta, y la voy a respetar siempre, la estimo mucho y la admiro porque es una mujer \u00edntegra, inteligente, preparada, muy buena servidora p\u00fablica, de buenos sentimientos y honesta.<\/p>\n<p>\u201cEs una bendici\u00f3n para M\u00e9xico si mi Presidenta alg\u00fan d\u00eda quiere verme, claro que la ver\u00eda, pero no va a hacer falta porque ella tiene mucha capacidad para enfrentar cualquier adversidad\u201d, expres\u00f3.<\/p>\n<p>A pregunta sobre los reclamos que protagonizaron ayer el ex presidente Felipe Calder\u00f3n y el l\u00edder nacional del PAN, Marko Cort\u00e9s, acus\u00e1ndose mutuamente de la debacle electoral del blanquiazul, el mandatario s\u00f3lo coment\u00f3: \u201cEs un pleito de c\u00fapula, lo puedo resumir en una frase coloquial: \u2018Cuando se reparte mal el bot\u00edn, hay mot\u00edn\u2019\u201d.<\/p>\n<p>Tambi\u00e9n se dijo dispuesto a que, en caso que se requiera, se le investigue, ante lo que no pedir\u00eda intersecci\u00f3n de nadie para su defensa.<\/p>\n<p style=\"text-align: center;\"><strong>AMLO: el poder de los medios entr\u00f3 en crisis<\/strong><\/p>\n<p>En otro tema, el presidente L\u00f3pez Obrador afirm\u00f3 que el llamado poder medi\u00e1tico hizo crisis este a\u00f1o porque a diferencia de otros tiempos, cuando se le lleg\u00f3 a denominar el cuarto poder pero en ocasiones estaba por encima del Congreso incluso, convirti\u00e9ndose en el gran elector, ahora enfrent\u00f3 un elevado nivel de conciencia pol\u00edtica y social del pueblo, lo que ha reducido su incidencia, pues a la concientizaci\u00f3n de le gente se le suma la capacidad que han alcanzado las redes sociales.<\/p>\n<p>Al ahondar en torno al papel de los medios en M\u00e9xico, sostuvo que la influencia de los medios de comunicaci\u00f3n en M\u00e9xico se ha reducido. Tenemos uno de los pueblos m\u00e1s politizados del mundo; tiene m\u00e1s capacidad para leer el peri\u00f3dico, para escuchar la radio, para ver la televisi\u00f3n, ya no es susceptible de manipulaci\u00f3n.<\/p>\n<p style=\"text-align: center;\"><strong>Descarta que se investigue a Loret<\/strong><\/p>\n<p>Tambi\u00e9n se\u00f1al\u00f3 que \u201cno se est\u00e1 investigando a nadie. Que Loret se vaya de vacaciones, o sea, que no se preocupe, no. Imag\u00ednese, nosotros, que fuimos espiados, perseguidos, que padecimos de guerras sucias, \u00bfvamos a hacer eso?, \u00bfvamos a hacer lo mismo? Ser\u00edamos unos incongruentes, indignos, estar\u00edamos traicion\u00e1ndonos a nosotros mismos, y eso nunca, jam\u00e1s\u201d.<\/p>\n","protected":false},"excerpt":{"rendered":"<p>Luego que la virtual presidenta electa, Claudia Sheinbaum, declarara que no pintar\u00eda su raya con el saliente titular del Ejecutivo federal, el presidente Andr\u00e9s Manuel L\u00f3pez Obrador dijo tajantemente en su ma\u00f1anera de este mi\u00e9rcoles que \u00e9l no es cacique, ni ella es pelele.<\/p>\n","protected":false},"author":3,"featured_media":624960,"comment_status":"open","ping_status":"open","sticky":false,"template":"","format":"standard","meta":{"_monsterinsights_skip_tracking":false,"_monsterinsights_sitenote_active":false,"_monsterinsights_sitenote_note":"","_monsterinsights_sitenote_category":0,"footnotes":""},"categories":[3],"tags":[2545,74081],"class_list":["post-624893","post","type-post","status-publish","format-standard","has-post-thumbnail","hentry","category-nacional","tag-amlo","tag-cacique"],"_links":{"self":[{"href":"https:\/\/www.diarioimagen.net\/index.php?rest_route=\/wp\/v2\/posts\/624893","targetHints":{"allow":["GET"]}}],"collection":[{"href":"https:\/\/www.diarioimagen.net\/index.php?rest_route=\/wp\/v2\/posts"}],"about":[{"href":"https:\/\/www.diarioimagen.net\/index.php?rest_route=\/wp\/v2\/types\/post"}],"author":[{"embeddable":true,"href":"https:\/\/www.diarioimagen.net\/index.php?rest_route=\/wp\/v2\/users\/3"}],"replies":[{"embeddable":true,"href":"https:\/\/www.diarioimagen.net\/index.php?rest_route=%2Fwp%2Fv2%2Fcomments&post=624893"}],"version-history":[{"count":0,"href":"https:\/\/www.diarioimagen.net\/index.php?rest_route=\/wp\/v2\/posts\/624893\/revisions"}],"wp:featuredmedia":[{"embeddable":true,"href":"https:\/\/www.diarioimagen.net\/index.php?rest_route=\/wp\/v2\/media\/624960"}],"wp:attachment":[{"href":"https:\/\/www.diarioimagen.net\/index.php?rest_route=%2Fwp%2Fv2%2Fmedia&parent=624893"}],"wp:term":[{"taxonomy":"category","embeddable":true,"href":"https:\/\/www.diarioimagen.net\/index.php?rest_route=%2Fwp%2Fv2%2Fcategories&post=624893"},{"taxonomy":"post_tag","embeddable":true,"href":"https:\/\/www.diarioimagen.net\/index.php?rest_route=%2Fwp%2Fv2%2Ftags&post=624893"}],"curies":[{"name":"wp","href":"https:\/\/api.w.org\/{rel}","templated":true}]}}