{"id":624895,"date":"2024-07-04T00:04:51","date_gmt":"2024-07-04T06:04:51","guid":{"rendered":"https:\/\/www.diarioimagen.net\/?p=624895"},"modified":"2024-07-04T03:17:17","modified_gmt":"2024-07-04T09:17:17","slug":"entregan-reconocimiento-a-huixquilucan-en-educacion","status":"publish","type":"post","link":"https:\/\/www.diarioimagen.net\/?p=624895","title":{"rendered":"Entregan\u00a0reconocimiento a Huixquilucan, en\u00a0educaci\u00f3n"},"content":{"rendered":"<p>&nbsp;<\/p>\n<p><a href=\"https:\/\/www.diarioimagen.net\/?attachment_id=624974\" rel=\"attachment wp-att-624974\"><img loading=\"lazy\" decoding=\"async\" class=\"aligncenter size-full wp-image-624974\" src=\"https:\/\/www.diarioimagen.net\/wp-content\/uploads\/2024\/07\/entregan-reconocimiento.jpg\" alt=\"\" width=\"460\" height=\"270\" srcset=\"https:\/\/www.diarioimagen.net\/wp-content\/uploads\/2024\/07\/entregan-reconocimiento.jpg 460w, https:\/\/www.diarioimagen.net\/wp-content\/uploads\/2024\/07\/entregan-reconocimiento-240x141.jpg 240w\" sizes=\"auto, (max-width: 460px) 100vw, 460px\" \/><\/a><\/p>\n<p>&nbsp;<\/p>\n<p><strong>Huixquilucan, Estado de M\u00e9xico.\u2014 <\/strong>La Direcci\u00f3n General de Telesecundarias del Estado de M\u00e9xico entreg\u00f3 un reconocimiento a la presidenta municipal de Huixquilucan, Romina Contreras Carrasco, por apoyar la educaci\u00f3n y el desarrollo de la juventud huixquiluquense, con la ampliaci\u00f3n de la infraestructura que permite la formaci\u00f3n profesional de este sector de la poblaci\u00f3n.<\/p>\n<p>El director de Telesecundarias del Estado de M\u00e9xico, Huberto V\u00e1squez Zamudio, destac\u00f3 que este reconocimiento se otorga por el apoyo que la alcaldesa de Huixquilucan brind\u00f3 a la Telesecundaria n\u00famero 399 \u201cLic. Alfredo del Mazo V.\u201d, ubicada en la comunidad de El Olivo, cuyas instalaciones fueron construidas al interior del nuevo Complejo El Olivo.<\/p>\n","protected":false},"excerpt":{"rendered":"<p>La Direcci\u00f3n General de Telesecundarias del Estado de M\u00e9xico entreg\u00f3 un reconocimiento a la presidenta municipal de Huixquilucan, Romina Contreras Carrasco, por apoyar la educaci\u00f3n y el desarrollo de la juventud huixquiluquense, con la ampliaci\u00f3n de la infraestructura que permite la formaci\u00f3n profesional de este sector de la poblaci\u00f3n.<\/p>\n","protected":false},"author":3,"featured_media":624974,"comment_status":"open","ping_status":"open","sticky":false,"template":"","format":"standard","meta":{"_monsterinsights_skip_tracking":false,"_monsterinsights_sitenote_active":false,"_monsterinsights_sitenote_note":"","_monsterinsights_sitenote_category":0,"footnotes":""},"categories":[5],"tags":[43694,43675,1097,12862],"class_list":["post-624895","post","type-post","status-publish","format-standard","has-post-thumbnail","hentry","category-estado-de-mexico","tag-educacion","tag-estado-de-mexico","tag-huixquilucan","tag-reconocimiento"],"_links":{"self":[{"href":"https:\/\/www.diarioimagen.net\/index.php?rest_route=\/wp\/v2\/posts\/624895","targetHints":{"allow":["GET"]}}],"collection":[{"href":"https:\/\/www.diarioimagen.net\/index.php?rest_route=\/wp\/v2\/posts"}],"about":[{"href":"https:\/\/www.diarioimagen.net\/index.php?rest_route=\/wp\/v2\/types\/post"}],"author":[{"embeddable":true,"href":"https:\/\/www.diarioimagen.net\/index.php?rest_route=\/wp\/v2\/users\/3"}],"replies":[{"embeddable":true,"href":"https:\/\/www.diarioimagen.net\/index.php?rest_route=%2Fwp%2Fv2%2Fcomments&post=624895"}],"version-history":[{"count":0,"href":"https:\/\/www.diarioimagen.net\/index.php?rest_route=\/wp\/v2\/posts\/624895\/revisions"}],"wp:featuredmedia":[{"embeddable":true,"href":"https:\/\/www.diarioimagen.net\/index.php?rest_route=\/wp\/v2\/media\/624974"}],"wp:attachment":[{"href":"https:\/\/www.diarioimagen.net\/index.php?rest_route=%2Fwp%2Fv2%2Fmedia&parent=624895"}],"wp:term":[{"taxonomy":"category","embeddable":true,"href":"https:\/\/www.diarioimagen.net\/index.php?rest_route=%2Fwp%2Fv2%2Fcategories&post=624895"},{"taxonomy":"post_tag","embeddable":true,"href":"https:\/\/www.diarioimagen.net\/index.php?rest_route=%2Fwp%2Fv2%2Ftags&post=624895"}],"curies":[{"name":"wp","href":"https:\/\/api.w.org\/{rel}","templated":true}]}}