{"id":624901,"date":"2024-07-04T00:03:48","date_gmt":"2024-07-04T06:03:48","guid":{"rendered":"https:\/\/www.diarioimagen.net\/?p=624901"},"modified":"2024-07-04T01:58:25","modified_gmt":"2024-07-04T07:58:25","slug":"atiende-gobierno-de-tlalnepantla-el-desprendimiento-de-dos-rocas","status":"publish","type":"post","link":"https:\/\/www.diarioimagen.net\/?p=624901","title":{"rendered":"Atiende gobierno de Tlalnepantla el desprendimiento de dos rocas"},"content":{"rendered":"<p>&nbsp;<\/p>\n<ul>\n<li><em><strong>En la colonia Arboleda<\/strong><\/em><\/li>\n<\/ul>\n<p>&nbsp;<\/p>\n<div id=\"attachment_624972\" style=\"width: 470px\" class=\"wp-caption aligncenter\"><a href=\"https:\/\/www.diarioimagen.net\/?attachment_id=624972\" rel=\"attachment wp-att-624972\"><img loading=\"lazy\" decoding=\"async\" aria-describedby=\"caption-attachment-624972\" class=\"size-full wp-image-624972\" src=\"https:\/\/www.diarioimagen.net\/wp-content\/uploads\/2024\/07\/atiende-gobierno-tlalnepantla.jpg\" alt=\"\" width=\"460\" height=\"270\" srcset=\"https:\/\/www.diarioimagen.net\/wp-content\/uploads\/2024\/07\/atiende-gobierno-tlalnepantla.jpg 460w, https:\/\/www.diarioimagen.net\/wp-content\/uploads\/2024\/07\/atiende-gobierno-tlalnepantla-240x141.jpg 240w\" sizes=\"auto, (max-width: 460px) 100vw, 460px\" \/><\/a><p id=\"caption-attachment-624972\" class=\"wp-caption-text\">Son retiradas dos rocas, de aproximadamente 50 toneladas (una de 30 y otra de 20),\u00a0 en uno de los riscos de la calle Cerezos, en la Colonia Arboleda, en Tenayuca.<\/p><\/div>\n<p>&nbsp;<\/p>\n<p><strong>Tlalnepantla, Estado de M\u00e9xico.\u2014<\/strong> Especialistas en demolici\u00f3n de Protecci\u00f3n Civil de Tlalnepantla, trabajan en el retiro de dos rocas de aproximadamente 50 toneladas (una de 30 y otra de 20)\u00a0 que se encuentran en uno de los riscos de la calle Cerezos en la Colonia Arboleda, Tenayuca.<\/p>\n<p>Una de las rocas fue sujetada en primera instancia con un cable de acero para evitar que se precipitara sobre las viviendas de la localidad, lugar en donde el fin de semana se deslizaron 5 piedras a un costado de una vivienda en la calle Cerezos.<\/p>\n<p>La pe\u00f1a est\u00e1 siendo trabajada por personal certificado para laborar en las canteras y son quienes detectaron que la primera gran roca ten\u00eda grietas, provocadas por la ra\u00edz de un \u00e1rbol que creci\u00f3 en la parte alta, ocasionando presi\u00f3n en ella, abriendo la posibilidad del desplome.<\/p>\n<p>Personal de Protecci\u00f3n Civil y Bomberos, as\u00ed como las \u00e1reas de Desarrollo Urbano, Secretar\u00eda del Ayuntamiento, Gobierno y Seguridad P\u00fablica realizaron diferentes tareas de notificaci\u00f3n a las viviendas aleda\u00f1as para solicitar el desalojo temporal (en lo que se trabajan la piedras) as\u00ed como en el control de riesgos, a fin de evitar futuras desgracias sobre los vecinos que se ubican en las partes se\u00f1aladas como de alto riesgo y que est\u00e1n dentro de la reserva de protecci\u00f3n marcada como prohibida para edificar inmuebles.<\/p>\n","protected":false},"excerpt":{"rendered":"<p>Especialistas en demolici\u00f3n de Protecci\u00f3n Civil de Tlalnepantla, trabajan en el retiro de dos rocas de aproximadamente 50 toneladas (una de 30 y otra de 20)\u00a0 que se encuentran en uno de los riscos de la calle Cerezos en la Colonia Arboleda, Tenayuca.<\/p>\n","protected":false},"author":3,"featured_media":624972,"comment_status":"open","ping_status":"open","sticky":false,"template":"","format":"standard","meta":{"_monsterinsights_skip_tracking":false,"_monsterinsights_sitenote_active":false,"_monsterinsights_sitenote_note":"","_monsterinsights_sitenote_category":0,"footnotes":""},"categories":[5],"tags":[100243,43675,100242,169],"class_list":["post-624901","post","type-post","status-publish","format-standard","has-post-thumbnail","hentry","category-estado-de-mexico","tag-desprendimiento","tag-estado-de-mexico","tag-rocas","tag-tlalnepantla"],"_links":{"self":[{"href":"https:\/\/www.diarioimagen.net\/index.php?rest_route=\/wp\/v2\/posts\/624901","targetHints":{"allow":["GET"]}}],"collection":[{"href":"https:\/\/www.diarioimagen.net\/index.php?rest_route=\/wp\/v2\/posts"}],"about":[{"href":"https:\/\/www.diarioimagen.net\/index.php?rest_route=\/wp\/v2\/types\/post"}],"author":[{"embeddable":true,"href":"https:\/\/www.diarioimagen.net\/index.php?rest_route=\/wp\/v2\/users\/3"}],"replies":[{"embeddable":true,"href":"https:\/\/www.diarioimagen.net\/index.php?rest_route=%2Fwp%2Fv2%2Fcomments&post=624901"}],"version-history":[{"count":0,"href":"https:\/\/www.diarioimagen.net\/index.php?rest_route=\/wp\/v2\/posts\/624901\/revisions"}],"wp:featuredmedia":[{"embeddable":true,"href":"https:\/\/www.diarioimagen.net\/index.php?rest_route=\/wp\/v2\/media\/624972"}],"wp:attachment":[{"href":"https:\/\/www.diarioimagen.net\/index.php?rest_route=%2Fwp%2Fv2%2Fmedia&parent=624901"}],"wp:term":[{"taxonomy":"category","embeddable":true,"href":"https:\/\/www.diarioimagen.net\/index.php?rest_route=%2Fwp%2Fv2%2Fcategories&post=624901"},{"taxonomy":"post_tag","embeddable":true,"href":"https:\/\/www.diarioimagen.net\/index.php?rest_route=%2Fwp%2Fv2%2Ftags&post=624901"}],"curies":[{"name":"wp","href":"https:\/\/api.w.org\/{rel}","templated":true}]}}