{"id":625031,"date":"2024-07-05T00:01:20","date_gmt":"2024-07-05T06:01:20","guid":{"rendered":"https:\/\/www.diarioimagen.net\/?p=625031"},"modified":"2024-07-07T22:37:36","modified_gmt":"2024-07-08T04:37:36","slug":"rosa-icela-rodriguez-sera-la-proxima-titular-de-gobernacion","status":"publish","type":"post","link":"https:\/\/www.diarioimagen.net\/?p=625031","title":{"rendered":"Rosa Icela Rodr\u00edguez ser\u00e1 la\u00a0pr\u00f3xima titular de la Secretar\u00eda de Gobernaci\u00f3n"},"content":{"rendered":"<p>&nbsp;<\/p>\n<h2 style=\"text-align: center;\">Anuncia Sheinbaum otros cuatro nombramientos<\/h2>\n<p>&nbsp;<\/p>\n<ul>\n<li><strong><em>Garc\u00eda Harfuch, secretario de Seguridad federal, y Mario Delgado va a la SEP<\/em><\/strong><\/li>\n<\/ul>\n<p>&nbsp;<\/p>\n<div id=\"attachment_625125\" style=\"width: 470px\" class=\"wp-caption aligncenter\"><a href=\"https:\/\/www.diarioimagen.net\/?attachment_id=625125\" rel=\"attachment wp-att-625125\"><img loading=\"lazy\" decoding=\"async\" aria-describedby=\"caption-attachment-625125\" class=\"size-full wp-image-625125\" src=\"https:\/\/www.diarioimagen.net\/wp-content\/uploads\/2024\/07\/rosa-icela-rodriguez.jpg\" alt=\"\" width=\"460\" height=\"270\" srcset=\"https:\/\/www.diarioimagen.net\/wp-content\/uploads\/2024\/07\/rosa-icela-rodriguez.jpg 460w, https:\/\/www.diarioimagen.net\/wp-content\/uploads\/2024\/07\/rosa-icela-rodriguez-240x141.jpg 240w\" sizes=\"auto, (max-width: 460px) 100vw, 460px\" \/><\/a><p id=\"caption-attachment-625125\" class=\"wp-caption-text\">Claudia Sheinbaum anunci\u00f3 que Rosa Icela Rodr\u00edguez ser\u00e1 la pr\u00f3xima secretaria de Gobernaci\u00f3n; Mario Delgado ser\u00e1 tituar de la SEP; Ariadna Montiel continuar\u00e1 al frente de Bienestar y Omar Garc\u00eda Harfuch ser\u00e1 el secretario de Seguridad y Protecci\u00f3n Ciudadana.<\/p><\/div>\n<p>&nbsp;<\/p>\n<p>Rosa Icela Rodr\u00edguez, actual titular de Seguridad y Protecci\u00f3n Ciudadana,\u00a0 ser\u00e1 la titular de la Secretar\u00eda de Gobernaci\u00f3n (Segob) de la pr\u00f3xima administraci\u00f3n de Claudia Sheinbaum, con lo que el principal cargo de su gabinete quedar\u00e1 en manos de uno de los perfiles m\u00e1s cercanos al presidente, Andr\u00e9s Manuel L\u00f3pez Obrador.<\/p>\n<p>Rodr\u00edguez es jefa de la Secretar\u00eda de Seguridad y Protecci\u00f3n Ciudadana (SSPC) desde octubre de 2020, por lo que se considera una de las funcionarias preferidas de AMLO, y antes fue secretaria de Gobierno de la Ciudad de M\u00e9xico (2018-2020) en el mandato local de Sheinbaum (2018-2023), de quien tambi\u00e9n es cercana.<\/p>\n<p>La Segob es el cargo m\u00e1s importante del Gobierno de M\u00e9xico despu\u00e9s de la presidencia, pues su titular est\u00e1 encargada de sustituir al mandatario en caso de ausencia, de conducir la pol\u00edtica interior, de implementar las medidas migratorias y de negociar con sindicatos, empresas, gobernadores y los otros poderes.<\/p>\n<p>\u201cTiene una vasta experiencia y hemos trabajado juntas y s\u00e9 que va a desempe\u00f1ar de manera excelente y con mucho profesionalismo y honestidad la Secretar\u00eda de Gobernaci\u00f3n\u201d, declar\u00f3 Sheinbaum al anunciarla en un evento en la Ciudad de M\u00e9xico.<\/p>\n<p>Como secretaria de Seguridad del Gobierno federal, Rodr\u00edguez ha recibido cr\u00edticas porque no se ha resuelto la crisis de violencia, con un acumulado de m\u00e1s de 184,000 homicidios en lo que va del sexenio de AMLO (2018-2024).<\/p>\n<p>Mientras que la oposici\u00f3n la ha acusado de ceder las tareas de seguridad p\u00fablica a las Fuerzas Armadas, pues la Guardia Nacional, creada por el presidente como un cuerpo civil en la pr\u00e1ctica obedece a la Secretar\u00eda de la Defensa Nacional (Sedena), aunque a\u00fan falta una reforma constitucional para oficializar esta gesti\u00f3n. La mandataria electa, quien ser\u00e1 la primera presidenta de M\u00e9xico, resalt\u00f3 que Rodr\u00edguez, \u201cpor supuesto, es la primera mujer en la historia de M\u00e9xico en ejercer este cargo\u201d de Seguridad.<\/p>\n<p>Rodr\u00edguez fue el principal nombramiento del tercer anuncio de gabinete de Sheinbaum, quien asumir\u00e1 el 1 de octubre y a\u00fan necesita nombrar titular de dependencias clave como Trabajo, Defensa y Marina.<\/p>\n<p>La funcionaria prometi\u00f3 continuar con el \u201csegundo piso de la Cuarta Transformaci\u00f3n de M\u00e9xico\u201d, en referencia al movimiento pol\u00edtico de L\u00f3pez Obrador.<\/p>\n<p>\u201cEs un privilegio caminar a su lado como primera mujer presidenta en la historia de nuestro pa\u00eds, con usted llegamos todas juntas, abuelas, madres e hijas, una alta responsabilidad, como la que me conf\u00eda ahora, requiere un alto compromiso tambi\u00e9n\u201d, declar\u00f3 Rodr\u00edguez.<\/p>\n<p>Asimismo, garantiz\u00f3 que \u201csiempre habr\u00e1 coordinaci\u00f3n y di\u00e1logo\u201d, adem\u00e1s de \u201cactuar con respeto y civilidad\u201d.<\/p>\n<p>Los otros tres nombramiento de la pr\u00f3xima presidenta Claudia Sheinbaum son: Mario Delgado, secretario de Educaci\u00f3n P\u00fablica; Ariadna Montiel continuar\u00e1 al frente de la secretaria del Bienestar y Omar Garc\u00eda Harfuch ser\u00e1 el secretario de Seguridad y Protecci\u00f3n Ciudadana.<\/p>\n","protected":false},"excerpt":{"rendered":"<p>Rosa Icela Rodr\u00edguez, actual titular de Seguridad y Protecci\u00f3n Ciudadana,\u00a0 ser\u00e1 la titular de la Secretar\u00eda de Gobernaci\u00f3n (Segob) de la pr\u00f3xima administraci\u00f3n de Claudia Sheinbaum, con lo que el principal cargo de su gabinete quedar\u00e1 en manos de uno de los perfiles m\u00e1s cercanos al presidente, Andr\u00e9s Manuel L\u00f3pez Obrador.<\/p>\n","protected":false},"author":3,"featured_media":625125,"comment_status":"open","ping_status":"open","sticky":false,"template":"","format":"standard","meta":{"_monsterinsights_skip_tracking":false,"_monsterinsights_sitenote_active":false,"_monsterinsights_sitenote_note":"","_monsterinsights_sitenote_category":0,"footnotes":""},"categories":[17,3],"tags":[17187,19988,43673],"class_list":["post-625031","post","type-post","status-publish","format-standard","has-post-thumbnail","hentry","category-especiales","category-nacional","tag-cargos","tag-gabinete","tag-nacional"],"_links":{"self":[{"href":"https:\/\/www.diarioimagen.net\/index.php?rest_route=\/wp\/v2\/posts\/625031","targetHints":{"allow":["GET"]}}],"collection":[{"href":"https:\/\/www.diarioimagen.net\/index.php?rest_route=\/wp\/v2\/posts"}],"about":[{"href":"https:\/\/www.diarioimagen.net\/index.php?rest_route=\/wp\/v2\/types\/post"}],"author":[{"embeddable":true,"href":"https:\/\/www.diarioimagen.net\/index.php?rest_route=\/wp\/v2\/users\/3"}],"replies":[{"embeddable":true,"href":"https:\/\/www.diarioimagen.net\/index.php?rest_route=%2Fwp%2Fv2%2Fcomments&post=625031"}],"version-history":[{"count":0,"href":"https:\/\/www.diarioimagen.net\/index.php?rest_route=\/wp\/v2\/posts\/625031\/revisions"}],"wp:featuredmedia":[{"embeddable":true,"href":"https:\/\/www.diarioimagen.net\/index.php?rest_route=\/wp\/v2\/media\/625125"}],"wp:attachment":[{"href":"https:\/\/www.diarioimagen.net\/index.php?rest_route=%2Fwp%2Fv2%2Fmedia&parent=625031"}],"wp:term":[{"taxonomy":"category","embeddable":true,"href":"https:\/\/www.diarioimagen.net\/index.php?rest_route=%2Fwp%2Fv2%2Fcategories&post=625031"},{"taxonomy":"post_tag","embeddable":true,"href":"https:\/\/www.diarioimagen.net\/index.php?rest_route=%2Fwp%2Fv2%2Ftags&post=625031"}],"curies":[{"name":"wp","href":"https:\/\/api.w.org\/{rel}","templated":true}]}}