{"id":625093,"date":"2024-07-05T00:03:06","date_gmt":"2024-07-05T06:03:06","guid":{"rendered":"https:\/\/www.diarioimagen.net\/?p=625093"},"modified":"2024-07-05T02:21:10","modified_gmt":"2024-07-05T08:21:10","slug":"gabinetazo-tercer-foro-judicial-monrealazo","status":"publish","type":"post","link":"https:\/\/www.diarioimagen.net\/?p=625093","title":{"rendered":"Gabinetazo. Tercer foro judicial. Monrealazo"},"content":{"rendered":"<h2>Espacio Electoral<\/h2>\n<h5>Eleazar Flores<\/h5>\n<p>&nbsp;<\/p>\n<p><strong>PREMIO GORDO A DELGADO-.<\/strong> Confiando en su buena memoria, debe recordar que al final de la entrega de la semana antepasada, le adelant\u00e9 que en reconocimiento a su eficiencia operativa del 2 de junio, apoyado en los SERVIDORES DE LA NACI\u00d3N, a Mario Delgado lo esperaba la SEP como premio.<\/p>\n<p>Serio como es, el jefe me cuestion\u00f3 la veracidad, le argument\u00e9 que obviamente\u00a0 se negar\u00e1 oficialmente el hecho, pero ah\u00ed est\u00e1, ahora que hay una justificaci\u00f3n m\u00e1s, la experiencia que Mario Delgado Carrillo adquiri\u00f3 como titular de Educaci\u00f3n en la capital del pa\u00eds.<\/p>\n<p>Algo tambi\u00e9n poco advertido es que por primera vez llegar\u00e1 una BUENA REPORTERA a despachar como secretaria de Gobernaci\u00f3n, con desempe\u00f1os m\u00e1s destacados como responsable de la seguridad p\u00fablica capitalina, y del pa\u00eds \u00faltimamente; pero en estos cargos el par\u00e1metro no es de resultados, s\u00f3lo se pide 90 por ciento de lealtad y el faltante, de eficiencia.<\/p>\n<p>Lo de Ariadna Montiel en la secretar\u00eda de Bienestar estaba m\u00e1s cantado que el himno a esta capital del pa\u00eds, que es decir mucho para esta melod\u00eda todav\u00eda desconocida.<\/p>\n<p><strong>TERCER FORO JUDICIAL-.<\/strong> Para evitar reclamos, cumplo escribir acerca del TERCER FORO JUDICIAL celebrado el martes pasado en Toluca, con la asistencia de la gobernadora Delfina G\u00f3mez, los l\u00edderes camerales Ignacio Mier, de los diputados, y Ricardo Monreal, de los senadores, quien p\u00fablicamente regres\u00f3 a Toluca de sus buenos recuerdos, pues la conoci\u00f3 como DELEGADO NACIONAL DEL PRI en los noventa, sembrando amistades prolongadas.<\/p>\n<p>Lenguaje apropiado de la gobernadora -primera con esta investidura en estar en un evento, hasta ahora-, pero sobresali\u00f3 la intervenci\u00f3n del presidente del Tribunal Superior de Justicia de la entidad, Ricardo Sodi Cuellar, ex directivo de la Universidad An\u00e1huac en Huxquilucan, que incluso enfrent\u00f3 conflicto de intereses por su nuevo cargo, que seguramente ya super\u00f3.<\/p>\n<p>\u201cUna BUENA ADMINISTRACI\u00d3N DE JUSTICIA es cara; pero una MALA administraci\u00f3n de justicia es M\u00c1S CARA\u201d, advirti\u00f3 el jurista, en lo que le sobra raz\u00f3n, refiri\u00e9ndose por supuesto a los persistentes intentos de abaratar sueldos de todos los ministros, magistrados y jueces de los integrantes de la Suprema Corte de Justicia de la Naci\u00f3n.<\/p>\n<p><strong>FRENTAZO-.<\/strong> Amante de las BANQUETERAS, en ocasiones \u00fanica forma de entrevistar a los pol\u00edticos, Ricardo Monreal\u00a0 adelant\u00f3 el martes en Toluca que para el proceso de renovaci\u00f3n del PODER JUDICIAL se gastar\u00edan unos 3,500 millones de pesos, de acuerdo a c\u00e1lculos, incluso con personal del INE.<\/p>\n<p>El mi\u00e9rcoles lo CONTRADIJERON, la ganadora de la elecci\u00f3n presidencial, la doctora Claudia Sheinbaum, dijo que este proceso costar\u00eda unos 7 mil millones de pesos y por la noche, personal del\u00a0 INE neg\u00f3 haber hecho cualquier ejercicio y c\u00e1lculo de la elecci\u00f3n de encargados del Poder Judicial.<\/p>\n<p>Una m\u00e1s del devoto del Santo Ni\u00f1o de Atocha.<\/p>\n<p><em><a href=\"mailto:elefa44@gmail.com\" target=\"_blank\" rel=\"noopener noreferrer\">elefa44@gmail.com<\/a><\/em><\/p>\n","protected":false},"excerpt":{"rendered":"<p><span style=\"color: #005497;\"><strong>Eleazar Flores<\/strong><\/span><\/p>\n","protected":false},"author":3,"featured_media":0,"comment_status":"open","ping_status":"open","sticky":false,"template":"","format":"standard","meta":{"_monsterinsights_skip_tracking":false,"_monsterinsights_sitenote_active":false,"_monsterinsights_sitenote_note":"","_monsterinsights_sitenote_category":0,"footnotes":""},"categories":[81743],"tags":[81744,81776,43674],"class_list":["post-625093","post","type-post","status-publish","format-standard","hentry","category-eleazar-flores","tag-eleazar-flores","tag-espacio-electoral","tag-opinion"],"_links":{"self":[{"href":"https:\/\/www.diarioimagen.net\/index.php?rest_route=\/wp\/v2\/posts\/625093","targetHints":{"allow":["GET"]}}],"collection":[{"href":"https:\/\/www.diarioimagen.net\/index.php?rest_route=\/wp\/v2\/posts"}],"about":[{"href":"https:\/\/www.diarioimagen.net\/index.php?rest_route=\/wp\/v2\/types\/post"}],"author":[{"embeddable":true,"href":"https:\/\/www.diarioimagen.net\/index.php?rest_route=\/wp\/v2\/users\/3"}],"replies":[{"embeddable":true,"href":"https:\/\/www.diarioimagen.net\/index.php?rest_route=%2Fwp%2Fv2%2Fcomments&post=625093"}],"version-history":[{"count":0,"href":"https:\/\/www.diarioimagen.net\/index.php?rest_route=\/wp\/v2\/posts\/625093\/revisions"}],"wp:attachment":[{"href":"https:\/\/www.diarioimagen.net\/index.php?rest_route=%2Fwp%2Fv2%2Fmedia&parent=625093"}],"wp:term":[{"taxonomy":"category","embeddable":true,"href":"https:\/\/www.diarioimagen.net\/index.php?rest_route=%2Fwp%2Fv2%2Fcategories&post=625093"},{"taxonomy":"post_tag","embeddable":true,"href":"https:\/\/www.diarioimagen.net\/index.php?rest_route=%2Fwp%2Fv2%2Ftags&post=625093"}],"curies":[{"name":"wp","href":"https:\/\/api.w.org\/{rel}","templated":true}]}}