{"id":625230,"date":"2024-07-08T00:01:22","date_gmt":"2024-07-08T06:01:22","guid":{"rendered":"https:\/\/www.diarioimagen.net\/?p=625230"},"modified":"2024-07-08T02:36:44","modified_gmt":"2024-07-08T08:36:44","slug":"lomas-travel-celebra-el-dia-del-agente-de-viajes-y-su-contribucion-al-turismo","status":"publish","type":"post","link":"https:\/\/www.diarioimagen.net\/?p=625230","title":{"rendered":"Lomas Travel celebra el D\u00eda del Agente de Viajes y su contribuci\u00f3n al turismo"},"content":{"rendered":"<h2>De cinco estrellas<\/h2>\n<h5>Victoria Gonz\u00e1lez Prado<\/h5>\n<p>&nbsp;<\/p>\n<ul>\n<li><strong><em>Julia Simpson se re\u00fane con el CCE en Ciudad de M\u00e9xico y reconoce la labor de empresarios de Quintana Roo<\/em><\/strong><\/li>\n<\/ul>\n<p>&nbsp;<\/p>\n<div id=\"attachment_625330\" style=\"width: 470px\" class=\"wp-caption aligncenter\"><a href=\"https:\/\/www.diarioimagen.net\/?attachment_id=625330\" rel=\"attachment wp-att-625330\"><img loading=\"lazy\" decoding=\"async\" aria-describedby=\"caption-attachment-625330\" class=\"size-full wp-image-625330\" src=\"https:\/\/www.diarioimagen.net\/wp-content\/uploads\/2024\/07\/turismo-estrellas-2.jpg\" alt=\"\" width=\"460\" height=\"270\" srcset=\"https:\/\/www.diarioimagen.net\/wp-content\/uploads\/2024\/07\/turismo-estrellas-2.jpg 460w, https:\/\/www.diarioimagen.net\/wp-content\/uploads\/2024\/07\/turismo-estrellas-2-240x141.jpg 240w\" sizes=\"auto, (max-width: 460px) 100vw, 460px\" \/><\/a><p id=\"caption-attachment-625330\" class=\"wp-caption-text\">Lomas Travel se uni\u00f3 a la celebraci\u00f3n del D\u00eda del Agentes de Viajes.<\/p><\/div>\n<p>&nbsp;<\/p>\n<p>Cada 7 de julio desde 1972, en M\u00e9xico se celebra el D\u00eda del Agente de Viajes, iniciativa de la Asociaci\u00f3n Mexicana de Agencias de Viajes Nacional (AMAV Nacional). Lomas Travel, agencia de viajes B2B, B2C y <em>Destination Management Company<\/em> (DMC) con m\u00e1s de 40 a\u00f1os brindando servicios en el Caribe Mexicano y Baja California, se uni\u00f3 a la celebraci\u00f3n para destacar el esfuerzo y compromiso de cada agente y touroperador, aliados esenciales en el \u00e9xito y crecimiento de la industria tur\u00edstica.<\/p>\n<p>Desde sus inicios, Lomas Travel se ha distinguido por ofrecer servicios de hospedaje, Transportaci\u00f3n y <em>tours<\/em>, con el objetivo principal de brindar atenci\u00f3n personalizada, lo que le ha permitido consolidarse y mantenerse vigente como expertos en Quintana Roo y Baja California.<\/p>\n<p>As\u00ed, reconoce la relevancia de las agencias y sus representantes en la promoci\u00f3n de la belleza de M\u00e9xico, la difusi\u00f3n de la riqueza cultural, hist\u00f3rica y natural de los destinos y reconoce que el turismo interno prospera y abre sus puertas al mundo para descubrir los atributos \u00fanicos de nuestro pa\u00eds.<\/p>\n<p>La empresa cien por ciento mexicana, valora la capacidad de adaptarse a las necesidades cambiantes de los viajeros y ofrecer soluciones personalizadas, adem\u00e1s de su habilidad para anticipar y superar las exigencias de sus clientes. De las grandes labores de este grupo de profesionales es la promoci\u00f3n del turismo sostenible, al dise\u00f1ar experiencias que impacten positivamente a los diferentes sectores del entorno, motivando a los viajeros a tomar decisiones conscientes; tendencia que afortunadamente va cobrando m\u00e1s fuerza y encamina los resultados hacia la preservaci\u00f3n del bien com\u00fan.<\/p>\n<p>Los agentes de viajes mantienen al tanto a sus clientes sobre normativas locales, culturas extranjeras, requisitos de salud y seguridad, aspectos cruciales para garantizar experiencias y brindar un ambiente de tranquilidad en situaciones imprevistas.<\/p>\n<p>Lomas Travel reafirma su compromiso para trabajar y evolucionar de la mano de sus aliados y seguir ofreciendo las mejores experiencias y servicios de calidad a sus viajeros.<\/p>\n<p>\u2730\u2730\u2730\u2730\u2730<strong> Julia Simpson<\/strong>, presidente y CEO del Consejo Mundial de Viajes y Turismo (WTTC, por sus siglas en ingl\u00e9s) en su reciente visita a nuestro pa\u00eds, se reuni\u00f3 con <strong>Francisco Cervantes D\u00edaz<\/strong>, presidente del Consejo Coordinador Empresarial (CCE), para dialogar sobre la contribuci\u00f3n del sector privado al desarrollo de la actividad tur\u00edstica de M\u00e9xico.<\/p>\n<p><strong>Francisco Cervantes<\/strong> afirm\u00f3 que el turismo es una palanca fundamental para el desarrollo econ\u00f3mico de M\u00e9xico, y refrend\u00f3 la decisi\u00f3n del empresariado mexicano de continuar trabajando en coordinaci\u00f3n con el WTTC para fortalecer a\u00fan m\u00e1s al sector.<\/p>\n<p>\u201cDebemos darle un enfoque sostenible al turismo para que \u00e9ste siga creciendo, con iniciativas para reducir el impacto ambiental y promover pr\u00e1cticas responsables, adem\u00e1s de la adopci\u00f3n de nuevas tecnolog\u00edas para mejorar la experiencia del viajero y la eficiencia operativa de las empresas\u201d.<\/p>\n<p>Por su parte, <strong>Julia Simpson<\/strong>, destac\u00f3 la importancia de la colaboraci\u00f3n p\u00fablico-privada para el desarrollo de la industria tur\u00edstica, que este a\u00f1o contribuir\u00e1 con 264 mil millones de d\u00f3lares a la econom\u00eda mexicana, cifra que supera casi 3 por ciento los niveles reportados durante 2019. En 2023, el sector represent\u00f3 14.4 por ciento de la econom\u00eda nacional, con una aportaci\u00f3n econ\u00f3mica de 261.6 mil millones de d\u00f3lares.<\/p>\n<p>La presidente del WTTC, present\u00f3 los resultados de la Investigaci\u00f3n de Impacto Econ\u00f3mico (EIR) 2024, elaborada por el organismo mundial de turismo, en asociaci\u00f3n con <em>Oxford Economics<\/em>, que se\u00f1ala que, al cierre de 2024, el sector representar\u00e1 7.56 millones de empleos en el pa\u00eds, casi 13 por ciento del total de los puestos de trabajo en M\u00e9xico. Se espera que el gasto de los visitantes internacionales supere los 34 mil millones de d\u00f3lares, 8.8 por ciento de crecimiento en comparaci\u00f3n al a\u00f1o anterior; adem\u00e1s, se prev\u00e9 que el gasto por turismo interno alcance un r\u00e9cord hist\u00f3rico con m\u00e1s de 198 mil millones de d\u00f3lares.<\/p>\n<p>De acuerdo con los an\u00e1lisis del WTTC aplicados en 185 pa\u00edses, M\u00e9xico forma parte de los 98 destinos que durante 2023 rebasaron los niveles pre-pandemia de contribuci\u00f3n al PIB. As\u00ed, el sector de viajes y el turismo mexicano super\u00f3 por casi 2 por ciento los niveles de contribuci\u00f3n, en comparaci\u00f3n al 2019.<\/p>\n<p>En su visita al Caribe Mexicano, <strong>Julia Simpson<\/strong> reconoci\u00f3 la labor que realizan los empresarios tur\u00edsticos de Quintana Roo para mantener a la entidad a la vanguardia del turismo en M\u00e9xico y Latinoam\u00e9rica y agradeci\u00f3 su aporte al crecimiento de la industria de viajes y turismo.<\/p>\n<p>Asimismo, present\u00f3 cifras recientes sobre el comportamiento del sector de viajes y turismo en M\u00e9xico. De acuerdo con su socio <em>ForwardKeys<\/em>, en lo que va del a\u00f1o, las llegadas internacionales a M\u00e9xico se han incrementado 14 por ciento en comparaci\u00f3n con el mismo periodo de 2023.<\/p>\n<p>Entre los destinos m\u00e1s populares por volumen en llegadas hacia M\u00e9xico, destacan: Canc\u00fan (+9 por ciento vs 2023), Ciudad de M\u00e9xico (+16 por ciento), San Jos\u00e9 Cabo (+11 por ciento), Puerto Vallarta (+14 por ciento) y Guadalajara (+21 por ciento).<\/p>\n<p>El mercado de origen de llegadas a M\u00e9xico es Estados Unidos, con 16 por ciento de incremento contra 2023. De acuerdo con estos mismos datos, para Canc\u00fan, entre los mercados emisores m\u00e1s grandes destacan: Estados Unidos (+10 por ciento vs 2023), Canad\u00e1 (+20 por ciento vs 2023) y Argentina (+10 por ciento vs 2023), Reino Unido y Colombia en comparaci\u00f3n con 2023.<\/p>\n<p>En el encuentro estuvieron<strong>, Bernardo Cueto Riestra<\/strong>, secretario de Turismo de Quintana Roo; <strong>Jos\u00e9 Chapur<\/strong>, presidente y director general de <em>The Palace Company<\/em> y Miembro del WTTC y, <strong>Dolores L\u00f3pez Lira<\/strong>, presidente de Grupo Lomas Travel. Tambi\u00e9n representantes de asociaciones como la de Hoteles de Canc\u00fan, Puerto Morelos e Isla Mujeres, la de Costa Mujeres, el Consejo Coordinador Empesarial del Caribe, la Asociaci\u00f3n de Hoteles Riviera Maya, la de Hoteles Cozumel, Hoteles del Centro y Sur de Quintana Roo, Asociaci\u00f3n de Hoteles de Tulum, la de Clubes Vacacionales de Quintana Roo y la Asociaci\u00f3n Femenil de Ejecutivas de Empresas Tur\u00edsticas de Quintana Roo.<\/p>\n<p><strong>Julia Simpson<\/strong> asegur\u00f3 que en esta entidad se han implementado diversas iniciativas para promover el turismo sostenible y proteger sus recursos naturales. Se incluyen programas de conservaci\u00f3n de los arrecifes de coral, campa\u00f1as para reducir el uso de pl\u00e1sticos de un solo uso en instalaciones tur\u00edsticas y promoci\u00f3n de pr\u00e1cticas de turismo responsable que involucran a las comunidades locales en la gesti\u00f3n y beneficio del turismo\u201d.<\/p>\n<p>\u201cEstas acciones benefician a los turistas y mejoran la calidad de vida de los residentes de Quintana Roo, creando empleos y oportunidades econ\u00f3micas mientras preservan el entorno natural para las generaciones futuras\u201d.<\/p>\n<p>Detall\u00f3 que \u201cla fuerte demanda de asientos <em>premium<\/em> (primera clase business, +33 por ciento en el primer semestre frente al +7 por ciento de la clase econ\u00f3mica) indica un cambio hacia los viajeros con mayor poder adquisitivo\u201d.<\/p>\n<p>Sin embargo, aclar\u00f3, el destino debe prestar atenci\u00f3n a la reducci\u00f3n en la duraci\u00f3n promedio de la estad\u00eda, pues de 7,1 pas\u00f3 a 6,7 noches. Las estancias m\u00e1s cortas est\u00e1n aumentando considerablemente y las superiores a una semana est\u00e1 disminuyendo.<\/p>\n<p>&nbsp;<\/p>\n<p style=\"text-align: right;\">\u00a0\u201c<strong>El<\/strong> <strong>\u00e1ngel de la fama tiene sus alas hechas de papel&#8230; peri\u00f3dico\u201d.<br \/>\n<\/strong><\/p>\n<p>&nbsp;<\/p>\n<p><em><span class=\"Apple-converted-space\"><a href=\"mailto:victoriagprado@gmail.com\" target=\"_blank\" rel=\"noopener noreferrer\">victoriagprado@gmail.com<\/a><br \/>\nX: <a href=\"https:\/\/twitter.com\/victoriagprado\" target=\"_blank\" rel=\"noopener noreferrer\">@victoriagprado<\/a><\/span><\/em><\/p>\n","protected":false},"excerpt":{"rendered":"<p>Cada 7 de julio desde 1972, en M\u00e9xico se celebra el D\u00eda del Agente de Viajes, iniciativa de la Asociaci\u00f3n Mexicana de Agencias de Viajes Nacional (AMAV Nacional). Lomas Travel, agencia de viajes B2B, B2C y <em>Destination Management Company<\/em> (DMC) con m\u00e1s de 40 a\u00f1os brindando servicios en el Caribe Mexicano y Baja California, se uni\u00f3 a la celebraci\u00f3n para destacar el esfuerzo y compromiso de cada agente y touroperador, aliados esenciales en el \u00e9xito y crecimiento de la industria tur\u00edstica.<\/p>\n","protected":false},"author":3,"featured_media":625330,"comment_status":"open","ping_status":"open","sticky":false,"template":"","format":"standard","meta":{"_monsterinsights_skip_tracking":false,"_monsterinsights_sitenote_active":false,"_monsterinsights_sitenote_note":"","_monsterinsights_sitenote_category":0,"footnotes":""},"categories":[11],"tags":[107,43674,43681,106],"class_list":["post-625230","post","type-post","status-publish","format-standard","has-post-thumbnail","hentry","category-turismo","tag-de-cinco-estrellas","tag-opinion","tag-turismo","tag-victoria-gonzalez-prado"],"_links":{"self":[{"href":"https:\/\/www.diarioimagen.net\/index.php?rest_route=\/wp\/v2\/posts\/625230","targetHints":{"allow":["GET"]}}],"collection":[{"href":"https:\/\/www.diarioimagen.net\/index.php?rest_route=\/wp\/v2\/posts"}],"about":[{"href":"https:\/\/www.diarioimagen.net\/index.php?rest_route=\/wp\/v2\/types\/post"}],"author":[{"embeddable":true,"href":"https:\/\/www.diarioimagen.net\/index.php?rest_route=\/wp\/v2\/users\/3"}],"replies":[{"embeddable":true,"href":"https:\/\/www.diarioimagen.net\/index.php?rest_route=%2Fwp%2Fv2%2Fcomments&post=625230"}],"version-history":[{"count":0,"href":"https:\/\/www.diarioimagen.net\/index.php?rest_route=\/wp\/v2\/posts\/625230\/revisions"}],"wp:featuredmedia":[{"embeddable":true,"href":"https:\/\/www.diarioimagen.net\/index.php?rest_route=\/wp\/v2\/media\/625330"}],"wp:attachment":[{"href":"https:\/\/www.diarioimagen.net\/index.php?rest_route=%2Fwp%2Fv2%2Fmedia&parent=625230"}],"wp:term":[{"taxonomy":"category","embeddable":true,"href":"https:\/\/www.diarioimagen.net\/index.php?rest_route=%2Fwp%2Fv2%2Fcategories&post=625230"},{"taxonomy":"post_tag","embeddable":true,"href":"https:\/\/www.diarioimagen.net\/index.php?rest_route=%2Fwp%2Fv2%2Ftags&post=625230"}],"curies":[{"name":"wp","href":"https:\/\/api.w.org\/{rel}","templated":true}]}}