{"id":625367,"date":"2024-07-09T00:01:50","date_gmt":"2024-07-09T06:01:50","guid":{"rendered":"https:\/\/www.diarioimagen.net\/?p=625367"},"modified":"2024-07-09T01:53:00","modified_gmt":"2024-07-09T07:53:00","slug":"amlo-dispuesto-a-que-se-cambie-reforma-judicial-si-es-para-mejorar","status":"publish","type":"post","link":"https:\/\/www.diarioimagen.net\/?p=625367","title":{"rendered":"AMLO, dispuesto a que se cambie reforma judicial si\u00a0es\u00a0para mejorar"},"content":{"rendered":"<p>&nbsp;<\/p>\n<ul>\n<li><em><strong>\u201cSi se va a enriquecer, adelante\u201d<\/strong><\/em><\/li>\n<\/ul>\n<p>&nbsp;<\/p>\n<p><a href=\"https:\/\/www.diarioimagen.net\/?attachment_id=625455\" rel=\"attachment wp-att-625455\"><img loading=\"lazy\" decoding=\"async\" class=\"aligncenter size-full wp-image-625455\" src=\"https:\/\/www.diarioimagen.net\/wp-content\/uploads\/2024\/07\/amlo-3.jpg\" alt=\"\" width=\"460\" height=\"270\" srcset=\"https:\/\/www.diarioimagen.net\/wp-content\/uploads\/2024\/07\/amlo-3.jpg 460w, https:\/\/www.diarioimagen.net\/wp-content\/uploads\/2024\/07\/amlo-3-240x141.jpg 240w\" sizes=\"auto, (max-width: 460px) 100vw, 460px\" \/><\/a><\/p>\n<p>&nbsp;<\/p>\n<p>La iniciativa de reforma al Poder Judicial puede tener cambios, pero si es para enriquecerla, se\u00f1al\u00f3 el presidente Andr\u00e9s Manuel L\u00f3pez Obrador. \u201cNosotros no queremos que se apruebe sin quitar una coma, si se va a mejorar, adelante\u201d.<\/p>\n<p>\u201cPor ejemplo, se nos fue en la incitativa de que tiene que tener cinco a\u00f1os de experiencia, los que puedan participar como jueces, magistrados. Yo he estado en contra, sin embargo, se nos pas\u00f3, porque yo soy m\u00e1s partidario de que una mujer, un hombre que se titula como abogado sale pues con mucho entusiasmo de hacer valer la ley. \u201cNosotros no queremos que se apruebe, sin quitar una coma, nuestra iniciativa, si se va mejorar, enriquecer, pues adelante. Por ejemplo, se nos fue en la incitativa de que tiene que tener cinco a\u00f1os de experiencia, los que puedan participar como jueces, magistrados. Yo he estado en contra; sin embargo, se nos pas\u00f3, porque yo soy m\u00e1s partidario de que una mujer, un hombre que se titula como abogado sale, pues con mucho entusiasmo de hacer valer la ley.<\/p>\n<p>\u201cEst\u00e1 lleno de frescura, de ideales, de llevar a la pr\u00e1ctica de la m\u00e1xima de que \u2018Al margen de la ley, nada y por encima de la ley, nadie\u2019, pero ya cuando ya va pasando tiempo, ya los cinco a\u00f1os y ni hablemos porque antes casi en todos los requisitos est\u00e1n los 10 a\u00f1os de experiencia, ya saben bastante, pero ya perdieron la m\u00edstica, ya la fueron dejando en el camino, ya aprendieron otras cosas que no se necesitan\u201d, dijo.<\/p>\n<p>El primer mandatario se\u00f1al\u00f3 que es com\u00fan que se diga que es necesaria la experiencia, por lo que si es necesario que los jueces deban de tener m\u00e1s conocimientos, pues \u201cun curso especial se lleva a cabo. \u00bfQu\u00e9 es muy compleja la impartici\u00f3n de justicia?\u201d.<\/p>\n<p>Insisti\u00f3 que estos cambios son indispensables porque actualmente \u201cimpera la corrupci\u00f3n\u201d en ese poder, ya que jueces, magistrados y ministros son \u201cinstrumentos al servicio de intereses creados y de la delincuencia organizada y la de cuello blanco\u201d.<\/p>\n<p>Dej\u00f3 claro que si bien la reforma es necesaria, \u00e9sta se debe concretar \u201csin imponer nada, sin excluir que participen, que se sometan al escrutinio p\u00fablico los actuales jueces, magistrados y ministros, y que el pueblo decida\u201d.<\/p>\n<p>En Palacio Nacional, llam\u00f3 a que se d\u00e9 un amplio periodo de debate para que se conozcan argumentos de todos los que quieran participar; adem\u00e1s, agreg\u00f3, la reforma debe enriquecerse y, por ejemplo, prohibir que contin\u00faen los llamados \u201csabadazos\u201d.<\/p>\n<p>\u201cQue expongan en los medios de comunicaci\u00f3n del Estado, la misma Suprema Corte tiene un medio de comunicaci\u00f3n, que se presenten ante el pueblo, que den a conocer sus antecedentes, los que ya est\u00e1n (en los cargos) y los nuevos, y que haya participaci\u00f3n\u201d.<\/p>\n<p>Remarc\u00f3 que el objetivo de la reforma constitucional que busca es \u201climpiar de corrupci\u00f3n al Poder Judicial. Y no es para enojarnos, preocuparnos, el pueblo va a elegir\u201d.<\/p>\n","protected":false},"excerpt":{"rendered":"<p>La iniciativa de reforma al Poder Judicial puede tener cambios, pero si es para enriquecerla, se\u00f1al\u00f3 el presidente Andr\u00e9s Manuel L\u00f3pez Obrador. \u201cNosotros no queremos que se apruebe sin quitar una coma, si se va a mejorar, adelante\u201d.<\/p>\n","protected":false},"author":3,"featured_media":625455,"comment_status":"open","ping_status":"open","sticky":false,"template":"","format":"standard","meta":{"_monsterinsights_skip_tracking":false,"_monsterinsights_sitenote_active":false,"_monsterinsights_sitenote_note":"","_monsterinsights_sitenote_category":0,"footnotes":""},"categories":[3],"tags":[2545,100275,43673],"class_list":["post-625367","post","type-post","status-publish","format-standard","has-post-thumbnail","hentry","category-nacional","tag-amlo","tag-enriquecer","tag-nacional"],"_links":{"self":[{"href":"https:\/\/www.diarioimagen.net\/index.php?rest_route=\/wp\/v2\/posts\/625367","targetHints":{"allow":["GET"]}}],"collection":[{"href":"https:\/\/www.diarioimagen.net\/index.php?rest_route=\/wp\/v2\/posts"}],"about":[{"href":"https:\/\/www.diarioimagen.net\/index.php?rest_route=\/wp\/v2\/types\/post"}],"author":[{"embeddable":true,"href":"https:\/\/www.diarioimagen.net\/index.php?rest_route=\/wp\/v2\/users\/3"}],"replies":[{"embeddable":true,"href":"https:\/\/www.diarioimagen.net\/index.php?rest_route=%2Fwp%2Fv2%2Fcomments&post=625367"}],"version-history":[{"count":0,"href":"https:\/\/www.diarioimagen.net\/index.php?rest_route=\/wp\/v2\/posts\/625367\/revisions"}],"wp:featuredmedia":[{"embeddable":true,"href":"https:\/\/www.diarioimagen.net\/index.php?rest_route=\/wp\/v2\/media\/625455"}],"wp:attachment":[{"href":"https:\/\/www.diarioimagen.net\/index.php?rest_route=%2Fwp%2Fv2%2Fmedia&parent=625367"}],"wp:term":[{"taxonomy":"category","embeddable":true,"href":"https:\/\/www.diarioimagen.net\/index.php?rest_route=%2Fwp%2Fv2%2Fcategories&post=625367"},{"taxonomy":"post_tag","embeddable":true,"href":"https:\/\/www.diarioimagen.net\/index.php?rest_route=%2Fwp%2Fv2%2Ftags&post=625367"}],"curies":[{"name":"wp","href":"https:\/\/api.w.org\/{rel}","templated":true}]}}