{"id":625377,"date":"2024-07-09T00:02:14","date_gmt":"2024-07-09T06:02:14","guid":{"rendered":"https:\/\/www.diarioimagen.net\/?p=625377"},"modified":"2024-07-09T02:00:26","modified_gmt":"2024-07-09T08:00:26","slug":"alejandro-moreno-cardenas-es-un-dictador-al-frente-del-pri-aseguran-militantes","status":"publish","type":"post","link":"https:\/\/www.diarioimagen.net\/?p=625377","title":{"rendered":"Alejandro Moreno C\u00e1rdenas es un dictador al frente del PRI, aseguran militantes"},"content":{"rendered":"<p>&nbsp;<\/p>\n<ul>\n<li><em><strong>Desacuerdo con reforma de estatutos<\/strong><\/em><\/li>\n<\/ul>\n<p>&nbsp;<\/p>\n<div id=\"attachment_625467\" style=\"width: 470px\" class=\"wp-caption aligncenter\"><a href=\"https:\/\/www.diarioimagen.net\/?attachment_id=625467\" rel=\"attachment wp-att-625467\"><img loading=\"lazy\" decoding=\"async\" aria-describedby=\"caption-attachment-625467\" class=\"size-full wp-image-625467\" src=\"https:\/\/www.diarioimagen.net\/wp-content\/uploads\/2024\/07\/alejandro-moreno.jpg\" alt=\"\" width=\"460\" height=\"270\" srcset=\"https:\/\/www.diarioimagen.net\/wp-content\/uploads\/2024\/07\/alejandro-moreno.jpg 460w, https:\/\/www.diarioimagen.net\/wp-content\/uploads\/2024\/07\/alejandro-moreno-240x141.jpg 240w\" sizes=\"auto, (max-width: 460px) 100vw, 460px\" \/><\/a><p id=\"caption-attachment-625467\" class=\"wp-caption-text\">Luego de la reforma estatutos para la reelecci\u00f3n de Alejandro Moreno, al frente del CEN del PRI, militantes prev\u00e9n que habr\u00e1 m\u00e1s desbandada en ese instituto pol\u00edtico.<\/p><\/div>\n<p>&nbsp;<\/p>\n<p><strong>Valle de M\u00e9xico.\u2014<\/strong> Luego de la aprobaci\u00f3n de estatutos para la reelecci\u00f3n de Alejandro \u201cAlito\u201d, Moreno, al frente del CEN del PRI, habr\u00e1 una desbandada en ese instituto pol\u00edtico, que est\u00e1 destinado a desaparecer. El Congreso fue una farsa, pues todo estuvo a modo, por lo que el INE debe intervenir y echar abajo este absurdo.<\/p>\n<p>As\u00ed lo expresaron priistas del Estado de M\u00e9xico, luego de recordar que \u201ccon la fallida dirigencia de Alito, nuestro partido ha perdido 11 gubernaturas y s\u00f3lo se ha dedicado a simular qu\u00e9 trabaja. Los resultados est\u00e1n a la vista de todos, no queremos a un dictador al frente del PRI, por eso, los verdaderos priistas impugnaremos su reelecci\u00f3n \u201c, dijeron.<\/p>\n<p>Los priistas mexiquenses de Naucalpan, Atizap\u00e1n, Tultitl\u00e1n, Huixquilucan, Tlalnepantla, entre otros en voz del consejero pol\u00edtico, Julio Ruiz, reafirmaron que \u201cel \u00fanico destino que le espera a PRI es su extinci\u00f3n, es por ello que habr\u00e1 una fuga de verdaderos liderazgos que est\u00e1n en contra de imposiciones y apoyo a familiares y amigos de Moreno C\u00e1rdenas\u201d, insistieron.<\/p>\n<p>Asimismo, remarcaron que \u201cla 24 Asamblea priista fue una verdadera farsa tal y como lo se\u00f1alaron Alejandro Nu\u00f1o y Manlio Fabio, Beatriz Paredes, Dulce Mar\u00eda Sauri, entre otros, el PRI va en camino a su propio funeral.<\/p>\n<p>Alejandro C\u00e1rdenas, es y ser\u00e1 el \u00fanico responsable de la sepultura de nuestro partido. No estamos con \u00e9l ni su camarilla de secuaces\u201d.<\/p>\n<p>Por otra parte, los militantes, simpatizantes y l\u00edderes de sectores de ese instituto pol\u00edtico, puntualizaron qu\u00e9 Moreno C\u00e1rdenas, no tiene verg\u00fcenza al declarar que: \u201c el PRI, impulsar\u00e1 el cambio m\u00e1s profundo que incluye ir contra quienes le fallen al Partido, que empiece por \u00e9l mismo y que se largue del partido, pues nadie lo quiere\u201d, se\u00f1alaron.<\/p>\n<p>Finalmente, los inconformes con la reelecci\u00f3n, entre ellos priistas mexiquenses a quienes no dejaron entrar a la asamblea gritaban dentro y fuera del recinto: \u201c\u00a1No a la reelecci\u00f3n!\u201d y \u201c\u00a1Fuera Alito!\u201d, as\u00ed concluy\u00f3 el evento partidista.<\/p>\n","protected":false},"excerpt":{"rendered":"<p>Luego de la aprobaci\u00f3n de estatutos para la reelecci\u00f3n de Alejandro \u201cAlito\u201d, Moreno, al frente del CEN del PRI, habr\u00e1 una desbandada en ese instituto pol\u00edtico, que est\u00e1 destinado a desaparecer.<\/p>\n","protected":false},"author":3,"featured_media":625467,"comment_status":"open","ping_status":"open","sticky":false,"template":"","format":"standard","meta":{"_monsterinsights_skip_tracking":false,"_monsterinsights_sitenote_active":false,"_monsterinsights_sitenote_note":"","_monsterinsights_sitenote_category":0,"footnotes":""},"categories":[5],"tags":[79112,100276,362,34],"class_list":["post-625377","post","type-post","status-publish","format-standard","has-post-thumbnail","hentry","category-estado-de-mexico","tag-alejandro-moreno-cardenas","tag-dictador","tag-pri","tag-valle-de-mexico"],"_links":{"self":[{"href":"https:\/\/www.diarioimagen.net\/index.php?rest_route=\/wp\/v2\/posts\/625377","targetHints":{"allow":["GET"]}}],"collection":[{"href":"https:\/\/www.diarioimagen.net\/index.php?rest_route=\/wp\/v2\/posts"}],"about":[{"href":"https:\/\/www.diarioimagen.net\/index.php?rest_route=\/wp\/v2\/types\/post"}],"author":[{"embeddable":true,"href":"https:\/\/www.diarioimagen.net\/index.php?rest_route=\/wp\/v2\/users\/3"}],"replies":[{"embeddable":true,"href":"https:\/\/www.diarioimagen.net\/index.php?rest_route=%2Fwp%2Fv2%2Fcomments&post=625377"}],"version-history":[{"count":0,"href":"https:\/\/www.diarioimagen.net\/index.php?rest_route=\/wp\/v2\/posts\/625377\/revisions"}],"wp:featuredmedia":[{"embeddable":true,"href":"https:\/\/www.diarioimagen.net\/index.php?rest_route=\/wp\/v2\/media\/625467"}],"wp:attachment":[{"href":"https:\/\/www.diarioimagen.net\/index.php?rest_route=%2Fwp%2Fv2%2Fmedia&parent=625377"}],"wp:term":[{"taxonomy":"category","embeddable":true,"href":"https:\/\/www.diarioimagen.net\/index.php?rest_route=%2Fwp%2Fv2%2Fcategories&post=625377"},{"taxonomy":"post_tag","embeddable":true,"href":"https:\/\/www.diarioimagen.net\/index.php?rest_route=%2Fwp%2Fv2%2Ftags&post=625377"}],"curies":[{"name":"wp","href":"https:\/\/api.w.org\/{rel}","templated":true}]}}