{"id":625379,"date":"2024-07-09T00:04:36","date_gmt":"2024-07-09T06:04:36","guid":{"rendered":"https:\/\/www.diarioimagen.net\/?p=625379"},"modified":"2024-07-09T02:01:57","modified_gmt":"2024-07-09T08:01:57","slug":"gobierno-de-ecatepec-estara-cerca-de-comunidades-azucena-cisneros-coss","status":"publish","type":"post","link":"https:\/\/www.diarioimagen.net\/?p=625379","title":{"rendered":"Gobierno de Ecatepec estar\u00e1 cerca de comunidades: Azucena Cisneros Coss"},"content":{"rendered":"<p>&nbsp;<\/p>\n<p><a href=\"https:\/\/www.diarioimagen.net\/?attachment_id=625470\" rel=\"attachment wp-att-625470\"><img loading=\"lazy\" decoding=\"async\" class=\"aligncenter size-full wp-image-625470\" src=\"https:\/\/www.diarioimagen.net\/wp-content\/uploads\/2024\/07\/gobierno-ecatepec.jpg\" alt=\"\" width=\"460\" height=\"270\" srcset=\"https:\/\/www.diarioimagen.net\/wp-content\/uploads\/2024\/07\/gobierno-ecatepec.jpg 460w, https:\/\/www.diarioimagen.net\/wp-content\/uploads\/2024\/07\/gobierno-ecatepec-240x141.jpg 240w\" sizes=\"auto, (max-width: 460px) 100vw, 460px\" \/><\/a><\/p>\n<p>&nbsp;<\/p>\n<p><strong>Ecatepec, Estado de M\u00e9xico.\u2014 <\/strong>Al cumplir m\u00e1s de 65 eventos por comunidades como parte de su gira de agradecimiento, tras obtener el triunfo en la elecci\u00f3n de Ayuntamiento, la alcaldesa electa, Azucena Cisneros Coss anunci\u00f3 que en su gobierno habilitar\u00e1 una Oficina M\u00f3vil de Presidencia porque su trabajo ser\u00e1 permanente en territorio porque es d\u00f3nde se palpan los problemas e inquietudes de la gente y para supervisar obras y acciones.<\/p>\n<p>En sus recorridos de cierre de semana acudi\u00f3 a las colonias Arboledas de Arag\u00f3n, Valle de Arag\u00f3n, Valle de Arag\u00f3n 3\u00aa secci\u00f3n, El Chamizal, Emiliano Zapata y San Agust\u00edn donde escuch\u00f3 a las y los vecinos. En el municipio, que identific\u00f3 como el m\u00e1s morenista del pa\u00eds, y que aport\u00f3 550 mil votos a la elecci\u00f3n presidencial, debe existir un gran compromiso de los tres niveles de gobierno, para concretar una transformaci\u00f3n radical, con un gobierno \u201cque gaste el dinero en la gente y se destine a donde deba llegar\u201d.<\/p>\n<p>En San Agust\u00edn inform\u00f3 que en el Deportivo Valle de Santiago se llenar\u00e1 de actividades recreativas y deportivas para la gente y se buscar\u00e1 habilitar un Oasis del Bienestar que incluya Casa del Adulto Mayor, y diversos proyectos culturales exitosos.<\/p>\n<p>Y agradeci\u00f3 a los l\u00edderes de la zona que pese a las amenazas y represi\u00f3n, optaron por darle su respaldo ante la embestida de guerra sucia, y actuaron con empat\u00eda y resistencia.<\/p>\n","protected":false},"excerpt":{"rendered":"<p>Al cumplir m\u00e1s de 65 eventos por comunidades como parte de su gira de agradecimiento, tras obtener el triunfo en la elecci\u00f3n de Ayuntamiento, la alcaldesa electa, Azucena Cisneros Coss anunci\u00f3 que en su gobierno habilitar\u00e1 una Oficina M\u00f3vil de Presidencia porque su trabajo ser\u00e1 permanente en territorio porque es d\u00f3nde se palpan los problemas e inquietudes de la gente y para supervisar obras y acciones.<\/p>\n","protected":false},"author":3,"featured_media":625470,"comment_status":"open","ping_status":"open","sticky":false,"template":"","format":"standard","meta":{"_monsterinsights_skip_tracking":false,"_monsterinsights_sitenote_active":false,"_monsterinsights_sitenote_note":"","_monsterinsights_sitenote_category":0,"footnotes":""},"categories":[5],"tags":[79777,100277,454,43675],"class_list":["post-625379","post","type-post","status-publish","format-standard","has-post-thumbnail","hentry","category-estado-de-mexico","tag-azucena-cisneros-coss","tag-cerca","tag-ecatepec","tag-estado-de-mexico"],"_links":{"self":[{"href":"https:\/\/www.diarioimagen.net\/index.php?rest_route=\/wp\/v2\/posts\/625379","targetHints":{"allow":["GET"]}}],"collection":[{"href":"https:\/\/www.diarioimagen.net\/index.php?rest_route=\/wp\/v2\/posts"}],"about":[{"href":"https:\/\/www.diarioimagen.net\/index.php?rest_route=\/wp\/v2\/types\/post"}],"author":[{"embeddable":true,"href":"https:\/\/www.diarioimagen.net\/index.php?rest_route=\/wp\/v2\/users\/3"}],"replies":[{"embeddable":true,"href":"https:\/\/www.diarioimagen.net\/index.php?rest_route=%2Fwp%2Fv2%2Fcomments&post=625379"}],"version-history":[{"count":0,"href":"https:\/\/www.diarioimagen.net\/index.php?rest_route=\/wp\/v2\/posts\/625379\/revisions"}],"wp:featuredmedia":[{"embeddable":true,"href":"https:\/\/www.diarioimagen.net\/index.php?rest_route=\/wp\/v2\/media\/625470"}],"wp:attachment":[{"href":"https:\/\/www.diarioimagen.net\/index.php?rest_route=%2Fwp%2Fv2%2Fmedia&parent=625379"}],"wp:term":[{"taxonomy":"category","embeddable":true,"href":"https:\/\/www.diarioimagen.net\/index.php?rest_route=%2Fwp%2Fv2%2Fcategories&post=625379"},{"taxonomy":"post_tag","embeddable":true,"href":"https:\/\/www.diarioimagen.net\/index.php?rest_route=%2Fwp%2Fv2%2Ftags&post=625379"}],"curies":[{"name":"wp","href":"https:\/\/api.w.org\/{rel}","templated":true}]}}