{"id":625383,"date":"2024-07-09T00:05:25","date_gmt":"2024-07-09T06:05:25","guid":{"rendered":"https:\/\/www.diarioimagen.net\/?p=625383"},"modified":"2024-07-09T02:04:08","modified_gmt":"2024-07-09T08:04:08","slug":"reabren-registro-civil-en-el-hospital-general-de-ixtapan-de-la-sal","status":"publish","type":"post","link":"https:\/\/www.diarioimagen.net\/?p=625383","title":{"rendered":"Reabren Registro Civil en el Hospital General de Ixtapan de la Sal"},"content":{"rendered":"<p>&nbsp;<\/p>\n<ul>\n<li><em><strong>Acceso gratuito a servicios que garanticen la identidad de beb\u00e9s<\/strong><\/em><\/li>\n<\/ul>\n<p><strong>\u00a0<\/strong><\/p>\n<div id=\"attachment_625476\" style=\"width: 470px\" class=\"wp-caption aligncenter\"><a href=\"https:\/\/www.diarioimagen.net\/?attachment_id=625476\" rel=\"attachment wp-att-625476\"><img loading=\"lazy\" decoding=\"async\" aria-describedby=\"caption-attachment-625476\" class=\"size-full wp-image-625476\" src=\"https:\/\/www.diarioimagen.net\/wp-content\/uploads\/2024\/07\/reabren-registro-civil.jpg\" alt=\"\" width=\"460\" height=\"270\" srcset=\"https:\/\/www.diarioimagen.net\/wp-content\/uploads\/2024\/07\/reabren-registro-civil.jpg 460w, https:\/\/www.diarioimagen.net\/wp-content\/uploads\/2024\/07\/reabren-registro-civil-240x141.jpg 240w\" sizes=\"auto, (max-width: 460px) 100vw, 460px\" \/><\/a><p id=\"caption-attachment-625476\" class=\"wp-caption-text\">La Secretar\u00eda de Salud del Estado de M\u00e9xico y la Direcci\u00f3n General del Registro Civil reabrieron el m\u00f3dulo de este servicio en el Hospital General de Ixtapan de la Sal.<\/p><\/div>\n<p>&nbsp;<\/p>\n<p><strong>Ixtapan de la Sal, Estado de M\u00e9xico.\u2014<\/strong> Para garantizar el derecho a la identidad desde el nacimiento, la Secretar\u00eda de Salud del Estado de M\u00e9xico y la Direcci\u00f3n General del Registro Civil reabrieron el m\u00f3dulo de este servicio en el Hospital General de Ixtapan de la Sal del Instituto de Salud del Estado de M\u00e9xico (ISEM).<\/p>\n<p>Durante la reapertura, la Doctora Macarena Montoya Olvera, titular de Salud destac\u00f3 que contar con un nombre propio desde el nacimiento, permite garantizar el acceso a otros beneficios como la salud, la educaci\u00f3n, la protecci\u00f3n y la inclusi\u00f3n en la vida econ\u00f3mica, cultural y pol\u00edtica del pa\u00eds.<\/p>\n<p>Se\u00f1al\u00f3 tambi\u00e9n que esta acci\u00f3n, que beneficia a los habitantes de la regi\u00f3n sur de la entidad, es una muestra del compromiso de El Poder de Servir que impulsa la Gobernadora Delfina G\u00f3mez \u00c1lvarez con acciones coordinadas entre diversas instituciones para el bienestar de las infancias; ya que las usuarias tendr\u00e1n acceso inmediato y gratuito a los servicios que garanticen la identidad de sus beb\u00e9s.<\/p>\n<p>Por su parte, la Directora General del Registro Civil del Estado de M\u00e9xico, Sonia Janet Cruz Miranda precis\u00f3 que se trabaja para garantizar el registro oportuno de nacimiento y con ello proteger el derecho a la identidad jur\u00eddica, a trav\u00e9s del acta respectiva.<\/p>\n<p>Cruz Miranda destac\u00f3 que de acuerdo a datos del Instituto Nacional de Geograf\u00eda (INEGI), seis de cada 10 mexicanos sin registro son ni\u00f1os o adolescentes, por lo que la apertura del M\u00f3dulo permite abatir esa tasa de subregistro, que es un factor de exclusi\u00f3n, lo que los hace m\u00e1s susceptibles de ser v\u00edctimas de alg\u00fan delito.<\/p>\n<p>En la reapertura se entreg\u00f3 el acta de nacimiento y la C\u00e9dula \u00danica de Registro de Poblaci\u00f3n (CURP), a la se\u00f1ora Irma Ortiz Esquivel, madre de gemelos y al se\u00f1or Alfonso Sotelo Arizmendi, pap\u00e1 de un beb\u00e9, los tres peque\u00f1os, reci\u00e9n nacidos en esta unidad hospitalaria del ISEM.<\/p>\n","protected":false},"excerpt":{"rendered":"<p>Para garantizar el derecho a la identidad desde el nacimiento, la Secretar\u00eda de Salud del Estado de M\u00e9xico y la Direcci\u00f3n General del Registro Civil reabrieron el m\u00f3dulo de este servicio en el Hospital General de Ixtapan de la Sal del Instituto de Salud del Estado de M\u00e9xico (ISEM).<\/p>\n","protected":false},"author":3,"featured_media":625476,"comment_status":"open","ping_status":"open","sticky":false,"template":"","format":"standard","meta":{"_monsterinsights_skip_tracking":false,"_monsterinsights_sitenote_active":false,"_monsterinsights_sitenote_note":"","_monsterinsights_sitenote_category":0,"footnotes":""},"categories":[5,99730],"tags":[43675,100278,250,3305],"class_list":["post-625383","post","type-post","status-publish","format-standard","has-post-thumbnail","hentry","category-estado-de-mexico","category-edomex","tag-estado-de-mexico","tag-hospital-general-de-ixtapan-de-la-sal","tag-ixtapan-de-la-sal","tag-registro-civil"],"_links":{"self":[{"href":"https:\/\/www.diarioimagen.net\/index.php?rest_route=\/wp\/v2\/posts\/625383","targetHints":{"allow":["GET"]}}],"collection":[{"href":"https:\/\/www.diarioimagen.net\/index.php?rest_route=\/wp\/v2\/posts"}],"about":[{"href":"https:\/\/www.diarioimagen.net\/index.php?rest_route=\/wp\/v2\/types\/post"}],"author":[{"embeddable":true,"href":"https:\/\/www.diarioimagen.net\/index.php?rest_route=\/wp\/v2\/users\/3"}],"replies":[{"embeddable":true,"href":"https:\/\/www.diarioimagen.net\/index.php?rest_route=%2Fwp%2Fv2%2Fcomments&post=625383"}],"version-history":[{"count":0,"href":"https:\/\/www.diarioimagen.net\/index.php?rest_route=\/wp\/v2\/posts\/625383\/revisions"}],"wp:featuredmedia":[{"embeddable":true,"href":"https:\/\/www.diarioimagen.net\/index.php?rest_route=\/wp\/v2\/media\/625476"}],"wp:attachment":[{"href":"https:\/\/www.diarioimagen.net\/index.php?rest_route=%2Fwp%2Fv2%2Fmedia&parent=625383"}],"wp:term":[{"taxonomy":"category","embeddable":true,"href":"https:\/\/www.diarioimagen.net\/index.php?rest_route=%2Fwp%2Fv2%2Fcategories&post=625383"},{"taxonomy":"post_tag","embeddable":true,"href":"https:\/\/www.diarioimagen.net\/index.php?rest_route=%2Fwp%2Fv2%2Ftags&post=625383"}],"curies":[{"name":"wp","href":"https:\/\/api.w.org\/{rel}","templated":true}]}}