{"id":625413,"date":"2024-07-09T00:03:34","date_gmt":"2024-07-09T06:03:34","guid":{"rendered":"https:\/\/www.diarioimagen.net\/?p=625413"},"modified":"2024-07-09T01:09:25","modified_gmt":"2024-07-09T07:09:25","slug":"malito-salio-con-su-domingo-7-gabinete-militar","status":"publish","type":"post","link":"https:\/\/www.diarioimagen.net\/?p=625413","title":{"rendered":"\u201c(M)alito\u201d sali\u00f3 con su domingo 7. Gabinete militar"},"content":{"rendered":"<h2>Espacio Electoral<\/h2>\n<h5>Eleazar Flores<\/h5>\n<p>&nbsp;<\/p>\n<p><strong>AMLO SE CARCAJE\u00d3, LITERAL-.<\/strong> Fingiendo desconocer lo sucedido en la 24 Asamblea Nacional del PRI \u2014no obstante que en la s\u00edntesis que le env\u00eda su vocero Jes\u00fas Ram\u00edrez fue lo primero que consult\u00f3\u2014, al pontificador ma\u00f1anero hasta risa le provoc\u00f3. \u00bfRecordar\u00eda su pasado tricolor?<\/p>\n<p>En honor a la verdad, narrar hechos de los desechos tricolores no da para m\u00e1s, a\u00fan queri\u00e9ndole\u00a0 buscar alg\u00fan \u00e1ngulo noticioso, si acaso de chascarrillos; pero como el espacio de este contenido tiene sus l\u00edmites, de extensi\u00f3n \u00fanicamente, procede analizar lo m\u00e1s interesante que falta por revelarse del gabinetazo.<\/p>\n<p>Esto, partiendo de la base de que el segundo piso de la Cuarta Transformaci\u00f3n seguir\u00e1 fortaleciendo la l\u00ednea del pueblo uniformado por medio de sus titulares, militares y marinos, cuya selecci\u00f3n de titulares se \u201ccuece\u201d aparte, motivo por el cual la doctora Claudia Sheinbaum anunci\u00f3 que los secretarios de Defensa y Marina los anunciar\u00e1 hasta septiembre.<\/p>\n<p><strong>SEDENA Y MARINA-.<\/strong> Por narraciones \u2014revelaciones ser\u00eda muy presuntuoso\u2014 que algunos ex presidentes del pa\u00eds\u00a0 comentaron entre allegados, cuya indiscreci\u00f3n llegaba a selectos COLUMNISTAS PRIVILEGIADOS, el EJERCICIO DE SELECCI\u00d3N de los nuevos titulares de la Secretar\u00eda de la Defensa Nacional\u00a0 y de la Marina Armada de M\u00e9xico lleva buen tiempo de consulta.<\/p>\n<p>De acuerdo a esas narrativas, el futuro mandatario -mandataria en este caso- se entrevista durante varias semanas con las c\u00fapulas de la milicia y la marina, siendo estos quienes ponen a consideraci\u00f3n de quien ser\u00e1 su COMANDANTE-A SUPREMO-A, tal vez una terna de entre sus elementos m\u00e1s destacados, pues aqu\u00ed SI CUENTA la carrera interna o meritocracia.<\/p>\n<p>El soporte de esa carrera interna lo constituye la s\u00f3lida hoja de vida de militares y marinos con cargos desempa\u00f1ados como generales de divisi\u00f3n, generales de estado mayor presidencial en la Sedena o en las otras categor\u00edas y niveles de la Marina Armada de M\u00e9xico, niveles ganados en el esfuerzo, pero tambi\u00e9n en la PREPARACI\u00d3N ACAD\u00c9MICA.<\/p>\n<p>Esto \u00faltimo es importante, pues recuerde que los ingenieros y m\u00e9dicos de mayor reputaci\u00f3n y confianza son los militares y marinos, \u201cLISTOS HASTA PARA GOBERNAR\u201d, escribe el inmortal y poco reconocido escritor LUIS SPOTA, en una de sus novelas denominadas TETRALOG\u00cdA DEL PODER, publicadas entre los setentas y ochentas del inolvidable siglo XX.<\/p>\n<p>La se\u00f1ora Sheinbaum tendr\u00e1 que echarse muchas pl\u00e1ticas m\u00e1s, no solo en giras finsemaneras, tambi\u00e9n con integrantes de las c\u00fapulas militar y marina, para seleccionar -pues eso s\u00ed ser\u00e1 su decisi\u00f3n y responsabilidad personal-, al mejor militar y al mejor marino; pero tambi\u00e9n con el BENEPL\u00c1CITO de la decena de uniformados en cada una de las respectivas secretar\u00edas.<\/p>\n<p>Aqu\u00ed no se podr\u00e1 equivocarse como con la asesora jur\u00eddica Godoy, que aval\u00f3 una licencia de manejo ap\u00f3crifa, en la que finc\u00f3 el encarcelamiento de Rosario Robles.<\/p>\n<p><em><a href=\"mailto:elefa44@gmail.com\" target=\"_blank\" rel=\"noopener noreferrer\">elefa44@gmail.com<\/a><\/em><\/p>\n","protected":false},"excerpt":{"rendered":"<p><span style=\"color: #005497;\"><strong>Eleazar Flores<\/strong><\/span><\/p>\n","protected":false},"author":3,"featured_media":0,"comment_status":"open","ping_status":"open","sticky":false,"template":"","format":"standard","meta":{"_monsterinsights_skip_tracking":false,"_monsterinsights_sitenote_active":false,"_monsterinsights_sitenote_note":"","_monsterinsights_sitenote_category":0,"footnotes":""},"categories":[81743],"tags":[81744,81776,43674],"class_list":["post-625413","post","type-post","status-publish","format-standard","hentry","category-eleazar-flores","tag-eleazar-flores","tag-espacio-electoral","tag-opinion"],"_links":{"self":[{"href":"https:\/\/www.diarioimagen.net\/index.php?rest_route=\/wp\/v2\/posts\/625413","targetHints":{"allow":["GET"]}}],"collection":[{"href":"https:\/\/www.diarioimagen.net\/index.php?rest_route=\/wp\/v2\/posts"}],"about":[{"href":"https:\/\/www.diarioimagen.net\/index.php?rest_route=\/wp\/v2\/types\/post"}],"author":[{"embeddable":true,"href":"https:\/\/www.diarioimagen.net\/index.php?rest_route=\/wp\/v2\/users\/3"}],"replies":[{"embeddable":true,"href":"https:\/\/www.diarioimagen.net\/index.php?rest_route=%2Fwp%2Fv2%2Fcomments&post=625413"}],"version-history":[{"count":0,"href":"https:\/\/www.diarioimagen.net\/index.php?rest_route=\/wp\/v2\/posts\/625413\/revisions"}],"wp:attachment":[{"href":"https:\/\/www.diarioimagen.net\/index.php?rest_route=%2Fwp%2Fv2%2Fmedia&parent=625413"}],"wp:term":[{"taxonomy":"category","embeddable":true,"href":"https:\/\/www.diarioimagen.net\/index.php?rest_route=%2Fwp%2Fv2%2Fcategories&post=625413"},{"taxonomy":"post_tag","embeddable":true,"href":"https:\/\/www.diarioimagen.net\/index.php?rest_route=%2Fwp%2Fv2%2Ftags&post=625413"}],"curies":[{"name":"wp","href":"https:\/\/api.w.org\/{rel}","templated":true}]}}