{"id":625417,"date":"2024-07-09T00:17:27","date_gmt":"2024-07-09T06:17:27","guid":{"rendered":"https:\/\/www.diarioimagen.net\/?p=625417"},"modified":"2024-07-15T23:11:40","modified_gmt":"2024-07-16T05:11:40","slug":"violencia-politica-democracia-en-riesgo","status":"publish","type":"post","link":"https:\/\/www.diarioimagen.net\/?p=625417","title":{"rendered":"Violencia pol\u00edtica, democracia\u00a0en\u00a0riesgo"},"content":{"rendered":"<h2>Caleidoscopio<\/h2>\n<h5>Guillermina G\u00f3mora Ord\u00f3\u00f1ez<\/h5>\n<p>&nbsp;<\/p>\n<p>La terca realidad se impone a los intentos gubernamentales por negar la violencia pol\u00edtica que domina y socava nuestra democracia. De acuerdo con el \u00cdndice de Conflictos de <strong>Armed Conflict Location and Event Data<\/strong> (<strong>ACLED<\/strong>) M\u00e9xico es el cuarto pa\u00eds m\u00e1s violento del mundo, detr\u00e1s de Myanmar, Siria y Palestina.<\/p>\n<p>En 2023 se ubic\u00f3 como la naci\u00f3n m\u00e1s peligrosa del mundo para civiles y m\u00e1s de 43 millones de personas estuvieron expuestas a violencia pol\u00edtica en ese a\u00f1o. El informe de <strong>ACLED, Data C\u00edvica y M\u00e9xico Eval\u00faa<\/strong> destaca c\u00f3mo la competencia entre grupos criminales gener\u00f3 un clima de miedo e intimidaci\u00f3n, impactando gravemente a estados como Guanajuato, Michoac\u00e1n y Chiapas.<\/p>\n<p>Aunque, el presidente <strong>Andr\u00e9s Manuel L\u00f3pez Obrador<\/strong> calific\u00f3 el pasado proceso electoral como una \u201ccampa\u00f1a fresa\u201d, sin problemas de gravedad. Lo cierto es que M\u00e9xico registr\u00f3 una de las elecciones m\u00e1s violentas de su historia reciente, la consultora <strong>Integralia <\/strong>contabiliz\u00f3, al pasado 28 de mayo, 749 casos de violencia pol\u00edtica a nivel nacional, registrados desde el 7 de septiembre de 2023, fecha en la que inici\u00f3 el proceso, y estima que al t\u00e9rmino de las elecciones del 2 de junio la cifra se elev\u00f3 a 760.<\/p>\n<p>La endeble democracia mexicana est\u00e1 a prueba. La violencia pol\u00edtica representa un gran riesgo para el voto libre. Sin embargo, el problema no debe medirse en el n\u00famero de muertos, sino en la penetraci\u00f3n que la delincuencia ha logrado. Una vez m\u00e1s, el crimen organizado ejerce su voto. Marca su territorio para dominar la plaza y sus actividades il\u00edcitas.<\/p>\n<p>Datos del monitoreo de <strong>Votar entre Balas, de Data C\u00edvica<\/strong> dan cuenta de 130 personas aspirantes, precandidatas y candidatas, que fueron atacadas presuntamente por grupos del crimen organizado durante el pasado proceso electoral.<\/p>\n<p>De \u00e9stas, 34 fueron asesinadas, 40 sobrevivieron a atentados, 32 recibieron amenazas tangibles (en mantas, videos, u otras que provocaron la renuncia a la candidatura), 10 personas candidatas fueron secuestradas, y en 14 ataques armados la persona candidata sobrevivi\u00f3, pero alguien m\u00e1s muri\u00f3. Los c\u00f3digos se perdieron, se atenta contra todo sin el menor asomo de verg\u00fcenza, temor o principios.<\/p>\n<p>Sin embargo, <strong>Rosa Icela Rodr\u00edguez, secretaria de Seguridad y Protecci\u00f3n Ciudadana<\/strong>, tiene \u201cotros datos\u201d sobre la violencia pol\u00edtica que se vivi\u00f3 en el pasado proceso electoral, en el cual s\u00f3lo report\u00f3 12 asesinatos de candidatos y asegur\u00f3 que grupos en contra del gobierno intentan \u201cgenerar alarma\u201d.<\/p>\n<p>Maquiavelo dec\u00eda: \u201cSon muchas las cosas que desde lejos parecen terribles, insoportables, extra\u00f1as y cuando te acercas a ellas resultan humanas, soportables, familiares\u201d. \u00bfSer\u00e1 que hemos llegado a este punto de deshumanizaci\u00f3n?<\/p>\n<p>El informe presentado por <strong>ACLED, Data C\u00edvica y M\u00e9xico Eval\u00faa <\/strong>revela que la competencia entre grupos del crimen organizado impulsa gran parte de la violencia pol\u00edtica, al menos el 30% de los incidentes incluyeron disturbios y destrucci\u00f3n de propiedades, lo que sugiere que las luchas de poder locales y los reclamos comunitarios de irregularidades durante el proceso, o el rechazo de los resultados, tambi\u00e9n pueden desencadenar violencia contra figuras pol\u00edticas.<\/p>\n<p>En cuanto a la violencia dirigida espec\u00edficamente hacia las mujeres, el an\u00e1lisis de <strong>M\u00e9xico Eval\u00faa<\/strong> refiere que dos de cada diez v\u00edctimas de violencia pol\u00edtica son mujeres. El 8% de las amenazas y ataques contra mujeres se dieron hacia sus familiares.<\/p>\n<p>Por ello, las organizaciones hicieron hincapi\u00e9 en la importancia de seguir contabilizando y analizando la violencia incluso despu\u00e9s de los periodos electorales, ya que los ataques contra actores pol\u00edticos no han cesado: se registraron 19 ataques durante los primeros 15 d\u00edas despu\u00e9s de la elecci\u00f3n. Adem\u00e1s, se\u00f1alaron que la falta de pol\u00edticas p\u00fablicas para proteger a estos actores, agrava a\u00fan m\u00e1s la situaci\u00f3n.<\/p>\n<p>As\u00ed las cosas, la consecuencia m\u00e1s grave ser\u00eda que existan m\u00e1s gobiernos locales al servicio del narcotr\u00e1fico. El crimen organizado est\u00e1 interesado en cooptar gobernantes, ah\u00ed es donde est\u00e1 su negocio y peligra el Estado de Derecho. La lucha contra la delincuencia es hoy un problema pol\u00edtico de primer orden y no solo uno de seguridad ciudadana. Nuestra d\u00e9bil democracia est\u00e1 en riesgo y no se trata de \u201cgenerar alarma\u201d. La terca realidad se impone.<\/p>\n<p style=\"text-align: center;\"><strong>VERICUENTOS<\/strong><\/p>\n<p style=\"text-align: center;\"><strong>Monreal \u00bfpelea por la Cuauht\u00e9moc?<\/strong><\/p>\n<p>Freno de mano aplic\u00f3 el <strong>Instituto Electoral de la Ciudad de M\u00e9xico<\/strong> y suspendi\u00f3 el recuento total de votos en la alcald\u00eda Cuauht\u00e9moc, tras la resoluci\u00f3n de la Sala Regional de la Ciudad de M\u00e9xico del <strong>Tribunal Electoral del Poder Judicial de la Federaci\u00f3n<\/strong>. <strong>Caty Monreal<\/strong>, hija de <strong>Ricardo Monreal, coordinador parlamentario de Morena en el Senado<\/strong>, exige recuento total de votos en la elecci\u00f3n que perdi\u00f3 ante la alcaldesa electa <strong>Alessandra Rojo De la Vega.<\/strong><\/p>\n<p>En 2015, su pap\u00e1 fue jefe delegacional y le hered\u00f3 el cargo a la pol\u00e9mica alcaldesa Sandra Cuevas, (PRI, PAN y PRD) Ahora lo intent\u00f3 con su hija Caty, pero perdieron. <strong>\u00a1Sopas!<\/strong><\/p>\n<p style=\"text-align: center;\"><strong>Reforma \u201cbrusquita\u201d: Noro\u00f1a<\/strong><\/p>\n<p>Por si hab\u00eda dudas, <strong>Gerardo Fern\u00e1ndez Noro\u00f1a, senador electo por Morena<\/strong>, confirm\u00f3 que la reforma al Poder Judicial, est\u00e1 decidida desde el pasado 2 de junio y probablemente la elecci\u00f3n de los jueces, ministros y magistrados se llevar\u00e1 a cabo en el primer trimestre de 2025. Advirti\u00f3 que esa reforma es una \u201crevoluci\u00f3n\u201d y ser\u00e1 \u201cbrusquita\u201d, pero es \u201cocioso oponerse\u201d. <strong>\u00a1T\u00f3mala!<\/strong><\/p>\n<p><a href=\"https:\/\/twitter.com\/guillegomora?lang=es\" target=\"_blank\" rel=\"noopener\"><em>@guillegomora<\/em><\/a><\/p>\n","protected":false},"excerpt":{"rendered":"<p><span style=\"color: #005497;\"><strong>Guillermina G\u00f3mora Ord\u00f3\u00f1ez<\/strong><\/span><\/p>\n","protected":false},"author":3,"featured_media":0,"comment_status":"open","ping_status":"open","sticky":false,"template":"","format":"standard","meta":{"_monsterinsights_skip_tracking":false,"_monsterinsights_sitenote_active":false,"_monsterinsights_sitenote_note":"","_monsterinsights_sitenote_category":0,"footnotes":""},"categories":[58361],"tags":[58362,58363,43674],"class_list":["post-625417","post","type-post","status-publish","format-standard","hentry","category-guillermina-gomora-ordonez","tag-caleidoscopio","tag-guillermina-gomora-ordonez","tag-opinion"],"_links":{"self":[{"href":"https:\/\/www.diarioimagen.net\/index.php?rest_route=\/wp\/v2\/posts\/625417","targetHints":{"allow":["GET"]}}],"collection":[{"href":"https:\/\/www.diarioimagen.net\/index.php?rest_route=\/wp\/v2\/posts"}],"about":[{"href":"https:\/\/www.diarioimagen.net\/index.php?rest_route=\/wp\/v2\/types\/post"}],"author":[{"embeddable":true,"href":"https:\/\/www.diarioimagen.net\/index.php?rest_route=\/wp\/v2\/users\/3"}],"replies":[{"embeddable":true,"href":"https:\/\/www.diarioimagen.net\/index.php?rest_route=%2Fwp%2Fv2%2Fcomments&post=625417"}],"version-history":[{"count":0,"href":"https:\/\/www.diarioimagen.net\/index.php?rest_route=\/wp\/v2\/posts\/625417\/revisions"}],"wp:attachment":[{"href":"https:\/\/www.diarioimagen.net\/index.php?rest_route=%2Fwp%2Fv2%2Fmedia&parent=625417"}],"wp:term":[{"taxonomy":"category","embeddable":true,"href":"https:\/\/www.diarioimagen.net\/index.php?rest_route=%2Fwp%2Fv2%2Fcategories&post=625417"},{"taxonomy":"post_tag","embeddable":true,"href":"https:\/\/www.diarioimagen.net\/index.php?rest_route=%2Fwp%2Fv2%2Ftags&post=625417"}],"curies":[{"name":"wp","href":"https:\/\/api.w.org\/{rel}","templated":true}]}}