{"id":625506,"date":"2024-07-10T00:07:10","date_gmt":"2024-07-10T06:07:10","guid":{"rendered":"https:\/\/www.diarioimagen.net\/?p=625506"},"modified":"2024-07-11T01:24:30","modified_gmt":"2024-07-11T07:24:30","slug":"uaemex-hace-un-llamado-a-la-prevencion-de-enfermedades-de-infancias-y-adolescencias","status":"publish","type":"post","link":"https:\/\/www.diarioimagen.net\/?p=625506","title":{"rendered":"UAEM\u00e9x hace un llamado a la prevenci\u00f3n de enfermedades de infancias y adolescencias\u00a0"},"content":{"rendered":"<p>&nbsp;<\/p>\n<div id=\"attachment_625589\" style=\"width: 470px\" class=\"wp-caption aligncenter\"><a href=\"https:\/\/www.diarioimagen.net\/?attachment_id=625589\" rel=\"attachment wp-att-625589\"><img loading=\"lazy\" decoding=\"async\" aria-describedby=\"caption-attachment-625589\" class=\"size-full wp-image-625589\" src=\"https:\/\/www.diarioimagen.net\/wp-content\/uploads\/2024\/07\/uaem-hace-llamado.jpg\" alt=\"\" width=\"460\" height=\"270\" srcset=\"https:\/\/www.diarioimagen.net\/wp-content\/uploads\/2024\/07\/uaem-hace-llamado.jpg 460w, https:\/\/www.diarioimagen.net\/wp-content\/uploads\/2024\/07\/uaem-hace-llamado-240x141.jpg 240w\" sizes=\"auto, (max-width: 460px) 100vw, 460px\" \/><\/a><p id=\"caption-attachment-625589\" class=\"wp-caption-text\">La directora de la CMS, Ana Laura Guadarrama L\u00f3pez, explic\u00f3 que es necesario que asistan a visitas de control del paciente sano, ya que \u00e9stas permiten dar seguimiento al desarrollo de las y los ni\u00f1os y adolescentes.<\/p><\/div>\n<p>&nbsp;<\/p>\n<p><strong>Toluca, Estado de M\u00e9xico.<\/strong>\u2014 Con el objetivo de prevenir enfermedades de todo tipo en las infancias y las adolescencias, la Cl\u00ednica Multidisciplinaria de Salud (CMS) de la Universidad Aut\u00f3noma del Estado de M\u00e9xico (UAEM\u00e9x) ofrecer\u00e1 durante los meses de julio y agosto el servicio de certificados m\u00e9dicos a 70 pesos.<\/p>\n<p>La directora de la CMS, Ana Laura Guadarrama L\u00f3pez, explic\u00f3 que normalmente las infancias y las adolescencias acuden al m\u00e9dico cuando padecen alguna enfermedad; sin embargo, es necesario que asistan a visitas de control del paciente sano, ya que \u00e9stas permiten dar seguimiento al desarrollo de las y los ni\u00f1os y adolescentes.<\/p>\n<p>Guadarrama L\u00f3pez explic\u00f3 que estas consultas permiten realizar ex\u00e1menes f\u00edsicos completos que permitan conocer a los padres y personas cuidadoras c\u00f3mo se encuentra el estado de visi\u00f3n, nutrici\u00f3n y salud bucal del paciente. Asimismo, se pueden evaluar las habilidades motoras finas y gruesas, observar el habla del o la paciente para identificar alg\u00fan tipo de dificultad motriz o de lenguaje, adem\u00e1s de revisar que los esquemas de vacunaci\u00f3n correspondan a la edad de las infancias y adolescencias para prevenir enfermedades.<\/p>\n<p>Otro de los beneficios de las consultas del paciente sano es dar seguimiento al crecimiento y desarrollo del o la paciente, es decir, que si se realizan estas consultas peri\u00f3dicamente se pueden prevenir enfermedades. En el caso de la primera infancia permite conocer el desarrollo psicomotor de las y los ni\u00f1os, mientras que en la adolescencia permite identificar el desarrollo social y detectar problemas de aprendizaje.<\/p>\n<p>\u201cTratamos de fomentar una relaci\u00f3n de confianza, de manera que sea una tarea cotidiana el cuidado de las infancias y las adolescencias, ya que durante estas visitas los padres y personas cuidadoras pueden plantear inquietudes sobre el crecimiento y desarrollo de las y los menores\u201d, afirm\u00f3.<\/p>\n<p>Ana Laura Guadarrama mencion\u00f3 que las citas de control del paciente sano se pueden realizar durante el regreso a clases, ya que la expedici\u00f3n de certificados m\u00e9dicos permite a las personas acercarse a los servicios de salud como una oportunidad para atender de manera integral a las y los pacientes.<\/p>\n<p>\u201cDesde la CMS ofrecemos este servicio a un costo preferencial, el cual incluye examen de visi\u00f3n, salud bucal y estado nutricional, lo que permite conocer la condici\u00f3n general de las y los pacientes. Con el certificado que se expide damos la certeza a las instituciones educativas de que su alumnado no padece enfermedades graves\u201d, afirm\u00f3.<\/p>\n<p>Guadarrama L\u00f3pez enfatiz\u00f3 que estas consultas de prevenci\u00f3n permiten a las infancias y adolescencias tener un desarrollo sano durante su crecimiento, adem\u00e1s de salvaguardar la salud de las y los menores para contar con un bienestar total en su cotidianidad.<\/p>\n<p>Para poder hacer uso de este servicio es necesario agendar una cita en la siguiente p\u00e1gina: https:\/\/citascms.uaemex.mx\u00a0 o llamar a los tel\u00e9fonos 722 212 80 27\/ 722 219 41 22, extensiones 118 y 140.<\/p>\n","protected":false},"excerpt":{"rendered":"<p>Con el objetivo de prevenir enfermedades de todo tipo en las infancias y las adolescencias, la Cl\u00ednica Multidisciplinaria de Salud (CMS) de la Universidad Aut\u00f3noma del Estado de M\u00e9xico (UAEM\u00e9x) ofrecer\u00e1 durante los meses de julio y agosto el servicio de certificados m\u00e9dicos a 70 pesos.<\/p>\n","protected":false},"author":3,"featured_media":625589,"comment_status":"open","ping_status":"open","sticky":false,"template":"","format":"standard","meta":{"_monsterinsights_skip_tracking":false,"_monsterinsights_sitenote_active":false,"_monsterinsights_sitenote_note":"","_monsterinsights_sitenote_category":0,"footnotes":""},"categories":[5],"tags":[97252,21732,67878],"class_list":["post-625506","post","type-post","status-publish","format-standard","has-post-thumbnail","hentry","category-estado-de-mexico","tag-infancia","tag-prevencion","tag-uaemex"],"_links":{"self":[{"href":"https:\/\/www.diarioimagen.net\/index.php?rest_route=\/wp\/v2\/posts\/625506","targetHints":{"allow":["GET"]}}],"collection":[{"href":"https:\/\/www.diarioimagen.net\/index.php?rest_route=\/wp\/v2\/posts"}],"about":[{"href":"https:\/\/www.diarioimagen.net\/index.php?rest_route=\/wp\/v2\/types\/post"}],"author":[{"embeddable":true,"href":"https:\/\/www.diarioimagen.net\/index.php?rest_route=\/wp\/v2\/users\/3"}],"replies":[{"embeddable":true,"href":"https:\/\/www.diarioimagen.net\/index.php?rest_route=%2Fwp%2Fv2%2Fcomments&post=625506"}],"version-history":[{"count":0,"href":"https:\/\/www.diarioimagen.net\/index.php?rest_route=\/wp\/v2\/posts\/625506\/revisions"}],"wp:featuredmedia":[{"embeddable":true,"href":"https:\/\/www.diarioimagen.net\/index.php?rest_route=\/wp\/v2\/media\/625589"}],"wp:attachment":[{"href":"https:\/\/www.diarioimagen.net\/index.php?rest_route=%2Fwp%2Fv2%2Fmedia&parent=625506"}],"wp:term":[{"taxonomy":"category","embeddable":true,"href":"https:\/\/www.diarioimagen.net\/index.php?rest_route=%2Fwp%2Fv2%2Fcategories&post=625506"},{"taxonomy":"post_tag","embeddable":true,"href":"https:\/\/www.diarioimagen.net\/index.php?rest_route=%2Fwp%2Fv2%2Ftags&post=625506"}],"curies":[{"name":"wp","href":"https:\/\/api.w.org\/{rel}","templated":true}]}}