{"id":625528,"date":"2024-07-10T00:01:28","date_gmt":"2024-07-10T06:01:28","guid":{"rendered":"https:\/\/www.diarioimagen.net\/?p=625528"},"modified":"2024-07-10T02:34:22","modified_gmt":"2024-07-10T08:34:22","slug":"apertura-de-consultorios-odontologicos-en-todas-las-casas-sindicales-del-smsem","status":"publish","type":"post","link":"https:\/\/www.diarioimagen.net\/?p=625528","title":{"rendered":"Apertura de consultorios odontol\u00f3gicos en todas las casas sindicales del SMSEM"},"content":{"rendered":"<p>&nbsp;<\/p>\n<ul>\n<li><strong><em>Cumple el l\u00edder magisterial Marco Aurelio Carbajal<\/em> <\/strong><\/li>\n<\/ul>\n<p>&nbsp;<\/p>\n<div id=\"attachment_625634\" style=\"width: 470px\" class=\"wp-caption aligncenter\"><a href=\"https:\/\/www.diarioimagen.net\/?attachment_id=625634\" rel=\"attachment wp-att-625634\"><img loading=\"lazy\" decoding=\"async\" aria-describedby=\"caption-attachment-625634\" class=\"size-full wp-image-625634\" src=\"https:\/\/www.diarioimagen.net\/wp-content\/uploads\/2024\/07\/apertura-consultorios.jpg\" alt=\"\" width=\"460\" height=\"270\" srcset=\"https:\/\/www.diarioimagen.net\/wp-content\/uploads\/2024\/07\/apertura-consultorios.jpg 460w, https:\/\/www.diarioimagen.net\/wp-content\/uploads\/2024\/07\/apertura-consultorios-240x141.jpg 240w\" sizes=\"auto, (max-width: 460px) 100vw, 460px\" \/><\/a><p id=\"caption-attachment-625634\" class=\"wp-caption-text\">Inauguraci\u00f3n del Centro de Especialidades Odontol\u00f3gicas de la Casa Sindical de Los Reyes Acaquilpan, en La Paz, M\u00e9xico, por parte de Marco Aurelio Carbajal Leyva, Secretario General del SMSEM.<\/p><\/div>\n<p>&nbsp;<\/p>\n<p><strong>La Paz, Estado de M\u00e9xico.\u2014<\/strong> Marco Aurelio Carbajal Leyva, Secretario General del Sindicato de Maestros al Servicio del Estado de M\u00e9xico (SMSEM), inaugur\u00f3 el Centro de Especialidades Odontol\u00f3gicas (CESO) de la Casa Sindical de Los Reyes Acaquilpan.<\/p>\n<p>Este acto representa la culminaci\u00f3n de un esfuerzo por equipar cada Casa Sindical con un centro especializado para el cuidado de la salud bucal de los docentes afiliados al SMSEM y sus familias.<\/p>\n<p>Acompa\u00f1ado por integrantes del Comit\u00e9 Ejecutivo Estatal 2021-2024, Carbajal Leyva celebr\u00f3 la inauguraci\u00f3n del \u00faltimo consultorio odontol\u00f3gico necesario para completar esta iniciativa. En su mensaje, destac\u00f3 la importancia de contar con econom\u00edas sanas y de dejar instalaciones \u00fatiles para el magisterio mexiquense. Record\u00f3 que el programa de salud dental fue iniciado en 1991 por Ricardo Su\u00e1rez Flores, quien vio la necesidad de estos servicios que no eran cubiertos por el ISSEMyM.<\/p>\n<p>Al inicio de la gesti\u00f3n del Comit\u00e9 Ejecutivo actual, el SMSEM contaba con seis Centros de Especialidades: en Toluca, Tianguistenco, Tultepec, Ecatepec, Ixtapaluca y Pir\u00e1mides. Estos centros fueron modernizados con equipos de tecnolog\u00eda avanzada. Bajo la gesti\u00f3n de Carbajal Leyva, se inauguraron nuevos consultorios en Naucalpan, Atlacomulco, Chalco, Ixtapan, Jilotepec, Valle de Bravo y ahora Los Reyes Acaquilpan. Adem\u00e1s, se anunci\u00f3 que la regi\u00f3n 14, con sede en Texcoco, tambi\u00e9n contar\u00e1 con un consultorio odontol\u00f3gico completamente equipado al momento de su inauguraci\u00f3n.<\/p>\n<p>El nuevo consultorio inaugurado contar\u00e1 con un especialista en odontolog\u00eda y un asistente, ofreciendo servicios de odontolog\u00eda integral como tratamientos preventivos, profilaxis, curetajes, selladores, fluorter\u00e1pia, t\u00e9cnica de cepillado, resinas, ion\u00f3meros, incrustaciones met\u00e1licas y est\u00e9ticas, coronas y puentes de metal-porcelana, Emax, Zirconia, artglass, puentes removibles met\u00e1licos y est\u00e9ticos, y placas totales y parciales. Este centro atender\u00e1 a aproximadamente diez mil maestros de los municipios de Nezahualc\u00f3yotl, La Paz y Chimalhuac\u00e1n.<\/p>\n","protected":false},"excerpt":{"rendered":"<p>Marco Aurelio Carbajal Leyva, Secretario General del Sindicato de Maestros al Servicio del Estado de M\u00e9xico (SMSEM), inaugur\u00f3 el Centro de Especialidades Odontol\u00f3gicas (CESO) de la Casa Sindical de Los Reyes Acaquilpan.<\/p>\n","protected":false},"author":3,"featured_media":625634,"comment_status":"open","ping_status":"open","sticky":false,"template":"","format":"standard","meta":{"_monsterinsights_skip_tracking":false,"_monsterinsights_sitenote_active":false,"_monsterinsights_sitenote_note":"","_monsterinsights_sitenote_category":0,"footnotes":""},"categories":[18863],"tags":[100288,43675,2324,43692],"class_list":["post-625528","post","type-post","status-publish","format-standard","has-post-thumbnail","hentry","category-salud-edomex","tag-ceso","tag-estado-de-mexico","tag-la-paz","tag-salud"],"_links":{"self":[{"href":"https:\/\/www.diarioimagen.net\/index.php?rest_route=\/wp\/v2\/posts\/625528","targetHints":{"allow":["GET"]}}],"collection":[{"href":"https:\/\/www.diarioimagen.net\/index.php?rest_route=\/wp\/v2\/posts"}],"about":[{"href":"https:\/\/www.diarioimagen.net\/index.php?rest_route=\/wp\/v2\/types\/post"}],"author":[{"embeddable":true,"href":"https:\/\/www.diarioimagen.net\/index.php?rest_route=\/wp\/v2\/users\/3"}],"replies":[{"embeddable":true,"href":"https:\/\/www.diarioimagen.net\/index.php?rest_route=%2Fwp%2Fv2%2Fcomments&post=625528"}],"version-history":[{"count":0,"href":"https:\/\/www.diarioimagen.net\/index.php?rest_route=\/wp\/v2\/posts\/625528\/revisions"}],"wp:featuredmedia":[{"embeddable":true,"href":"https:\/\/www.diarioimagen.net\/index.php?rest_route=\/wp\/v2\/media\/625634"}],"wp:attachment":[{"href":"https:\/\/www.diarioimagen.net\/index.php?rest_route=%2Fwp%2Fv2%2Fmedia&parent=625528"}],"wp:term":[{"taxonomy":"category","embeddable":true,"href":"https:\/\/www.diarioimagen.net\/index.php?rest_route=%2Fwp%2Fv2%2Fcategories&post=625528"},{"taxonomy":"post_tag","embeddable":true,"href":"https:\/\/www.diarioimagen.net\/index.php?rest_route=%2Fwp%2Fv2%2Ftags&post=625528"}],"curies":[{"name":"wp","href":"https:\/\/api.w.org\/{rel}","templated":true}]}}