{"id":625530,"date":"2024-07-10T00:02:12","date_gmt":"2024-07-10T06:02:12","guid":{"rendered":"https:\/\/www.diarioimagen.net\/?p=625530"},"modified":"2024-07-10T02:34:26","modified_gmt":"2024-07-10T08:34:26","slug":"naucalpan-enfrenta-reducciones-en-abasto-de-agua-de-sistemas-cutzamala-y-del-lerma","status":"publish","type":"post","link":"https:\/\/www.diarioimagen.net\/?p=625530","title":{"rendered":"Naucalpan enfrenta reducciones en abasto de agua de sistemas Cutzamala y del Lerma"},"content":{"rendered":"<p>&nbsp;<\/p>\n<ul>\n<li><strong><em>Constantes recortes de Conagua<\/em><\/strong><\/li>\n<\/ul>\n<p>&nbsp;<\/p>\n<div id=\"attachment_625632\" style=\"width: 470px\" class=\"wp-caption aligncenter\"><a href=\"https:\/\/www.diarioimagen.net\/?attachment_id=625632\" rel=\"attachment wp-att-625632\"><img loading=\"lazy\" decoding=\"async\" aria-describedby=\"caption-attachment-625632\" class=\"size-full wp-image-625632\" src=\"https:\/\/www.diarioimagen.net\/wp-content\/uploads\/2024\/07\/naucalpan-reduccion-agua.jpg\" alt=\"\" width=\"460\" height=\"270\" srcset=\"https:\/\/www.diarioimagen.net\/wp-content\/uploads\/2024\/07\/naucalpan-reduccion-agua.jpg 460w, https:\/\/www.diarioimagen.net\/wp-content\/uploads\/2024\/07\/naucalpan-reduccion-agua-240x141.jpg 240w\" sizes=\"auto, (max-width: 460px) 100vw, 460px\" \/><\/a><p id=\"caption-attachment-625632\" class=\"wp-caption-text\">Naucalpan ha hecho frente en los \u00faltimos dos a\u00f1os a los constantes recortes del gobierno federal al caudal de agua que env\u00eda a trav\u00e9s de Conagua no s\u00f3lo desde el Sistema Cutzamala sino tambi\u00e9n del Lerma.<\/p><\/div>\n<p>&nbsp;<\/p>\n<p>En los \u00faltimos dos a\u00f1os, Naucalpan ha hecho frente a una creciente crisis h\u00eddrica debido a los constantes recortes del gobierno federal al caudal de agua que env\u00eda a trav\u00e9s de Conagua no s\u00f3lo desde el Sistema Cutzamala sino tambi\u00e9n del Lerma a la CAEM, \u00e9sta \u00faltima encargada de proporcionar el vital l\u00edquido para que OAPAS pueda distribuirlo entre los vecinos.<\/p>\n<p>Del Sistema Lerma se han dejado de recibir 350 litros por segundo que sumados a los 650 litros del Cutzamala son mil litros diarios menos por segundo, por lo que el organismo de agua ha echado mano de la infraestructura propia (pozos) para mitigar los efectos negativos.<\/p>\n<p>El Lerma es un complejo hidrogr\u00e1fico, conformado principalmente por el r\u00edo del mismo nombre y el lago Chapala. Esta regi\u00f3n, situada en el Estado de M\u00e9xico, cuenta con varios pozos profundos operados por la Comisi\u00f3n Nacional del Agua (Conagua).<\/p>\n<p>Al respecto, el jefe de la Unidad de Macromedici\u00f3n y Telemetr\u00eda de OAPAS, Alain Acalli Ch\u00e1vez Blancas, dijo que las reducciones del Lerma han pegado fuertemente en el municipio y se suman a los recortes del volumen de agua proveniente del Sistema Cutzamala, por lo que se agudiza la crisis h\u00eddrica en los sectores I, II, III, IV y VII del municipio.<\/p>\n<p>Las colonias del sector I da\u00f1adas son Reforma Social, Lomas del R\u00edo, H\u00e9roes de la Revoluci\u00f3n, Lomas Hip\u00f3dromo, Manuel \u00c1vila Camacho, Ricardo Flores Mag\u00f3n, Independencia, Hidalgo, Progreso, San Jos\u00e9 R\u00edo Hondo, Miramar, Huizachal, Presa El Sordo, Buenavista y Estado de M\u00e9xico.<\/p>\n<p>El sector II, adem\u00e1s de ser el m\u00e1s grande es el que tiene mayores afectaciones en sus 66 colonias entre las que se encuentran: San Jos\u00e9 de los Leones, San Rafael Chamapa, Izcalli Chamapa, Valle Dorado, Predio las Colonias, Emiliano Zapata, Lomas del Cadete, Plan de Ayala, San Lorenzo Totolinga, La Tolva, Isidro Fabela, Alfredo del Mazo, Ol\u00edmpica Radio, Minas San Mart\u00edn, entre muchas otras y a las que se les distribuye agua en pipas todas las semanas.<\/p>\n<p>Respecto al sector III, est\u00e1n Adolfo L\u00f3pez Mateos, Ahuizotla, Loma Linda, Barrio El Torito, La Ribera, Ampliaci\u00f3n Loma Linda, Pueblo de los Remedios, Bosque de los Remedios, Ampliaci\u00f3n San Esteban Huitzilacasco, Unidad San Esteban, Ciudad de los Ni\u00f1os, El Conde, El Mirador, El Olivar, El Parque, Atoto, Las Am\u00e9ricas, Laz\u00e1ro C\u00e1rdenas y otras m\u00e1s.<\/p>\n<p>En relaci\u00f3n al sector IV se tiene San Juan Totoltepec, Paseos del Bosque, Ciudad Brisas, Vista del Valle, Balcones de San Mateo, M\u00e9xico 68, Lomas de Occipaco, Jardines de San Mateo, Laderas de San Mateo, Cumbres Himalaya, Colinas de San Mateo, Casas Viejas, Las Huertas, Prados San Mateo, Bosques de Moctezuma , Izcalli del Bosque, La Palma, Presa Tejocote, principalmente.<\/p>\n<p>Finalmente, en el sector VIII son las colonias de La Universal, Loma Colorada I, II y III, Los Arcos, Corralito, Las Huertas I, II y III, La Chacona, Los Cuartos I, II y III, M\u00e9xico 68, La Presa y una parte de San Lorenzo Totolinga, las afectadas.<\/p>\n","protected":false},"excerpt":{"rendered":"<p>En los \u00faltimos dos a\u00f1os, Naucalpan ha hecho frente a una creciente crisis h\u00eddrica debido a los constantes recortes del gobierno federal al caudal de agua que env\u00eda a trav\u00e9s de Conagua no s\u00f3lo desde el Sistema Cutzamala sino tambi\u00e9n del Lerma a la CAEM, \u00e9sta \u00faltima encargada de proporcionar el vital l\u00edquido para que OAPAS pueda distribuirlo entre los vecinos.<\/p>\n","protected":false},"author":3,"featured_media":625632,"comment_status":"open","ping_status":"open","sticky":false,"template":"","format":"standard","meta":{"_monsterinsights_skip_tracking":false,"_monsterinsights_sitenote_active":false,"_monsterinsights_sitenote_note":"","_monsterinsights_sitenote_category":0,"footnotes":""},"categories":[5],"tags":[531,970,80863],"class_list":["post-625530","post","type-post","status-publish","format-standard","has-post-thumbnail","hentry","category-estado-de-mexico","tag-conagua","tag-naucalpan","tag-pozos"],"_links":{"self":[{"href":"https:\/\/www.diarioimagen.net\/index.php?rest_route=\/wp\/v2\/posts\/625530","targetHints":{"allow":["GET"]}}],"collection":[{"href":"https:\/\/www.diarioimagen.net\/index.php?rest_route=\/wp\/v2\/posts"}],"about":[{"href":"https:\/\/www.diarioimagen.net\/index.php?rest_route=\/wp\/v2\/types\/post"}],"author":[{"embeddable":true,"href":"https:\/\/www.diarioimagen.net\/index.php?rest_route=\/wp\/v2\/users\/3"}],"replies":[{"embeddable":true,"href":"https:\/\/www.diarioimagen.net\/index.php?rest_route=%2Fwp%2Fv2%2Fcomments&post=625530"}],"version-history":[{"count":0,"href":"https:\/\/www.diarioimagen.net\/index.php?rest_route=\/wp\/v2\/posts\/625530\/revisions"}],"wp:featuredmedia":[{"embeddable":true,"href":"https:\/\/www.diarioimagen.net\/index.php?rest_route=\/wp\/v2\/media\/625632"}],"wp:attachment":[{"href":"https:\/\/www.diarioimagen.net\/index.php?rest_route=%2Fwp%2Fv2%2Fmedia&parent=625530"}],"wp:term":[{"taxonomy":"category","embeddable":true,"href":"https:\/\/www.diarioimagen.net\/index.php?rest_route=%2Fwp%2Fv2%2Fcategories&post=625530"},{"taxonomy":"post_tag","embeddable":true,"href":"https:\/\/www.diarioimagen.net\/index.php?rest_route=%2Fwp%2Fv2%2Ftags&post=625530"}],"curies":[{"name":"wp","href":"https:\/\/api.w.org\/{rel}","templated":true}]}}