{"id":625670,"date":"2024-07-11T00:03:36","date_gmt":"2024-07-11T06:03:36","guid":{"rendered":"https:\/\/www.diarioimagen.net\/?p=625670"},"modified":"2024-07-11T01:51:56","modified_gmt":"2024-07-11T07:51:56","slug":"atiende-gobierno-de-cuautitlan-izcalli-violencia-de-genero-con-fuerza-publica","status":"publish","type":"post","link":"https:\/\/www.diarioimagen.net\/?p=625670","title":{"rendered":"Atiende gobierno de Cuautitl\u00e1n Izcalli violencia de g\u00e9nero con fuerza p\u00fablica"},"content":{"rendered":"<p>&nbsp;<\/p>\n<ul>\n<li><em><strong>Operativo Violeta<\/strong><\/em><\/li>\n<\/ul>\n<p>&nbsp;<\/p>\n<div id=\"attachment_625773\" style=\"width: 470px\" class=\"wp-caption aligncenter\"><a href=\"https:\/\/www.diarioimagen.net\/?attachment_id=625773\" rel=\"attachment wp-att-625773\"><img loading=\"lazy\" decoding=\"async\" aria-describedby=\"caption-attachment-625773\" class=\"size-full wp-image-625773\" src=\"https:\/\/www.diarioimagen.net\/wp-content\/uploads\/2024\/07\/atiende-gobierno-cuautitlan.jpg\" alt=\"\" width=\"460\" height=\"270\" srcset=\"https:\/\/www.diarioimagen.net\/wp-content\/uploads\/2024\/07\/atiende-gobierno-cuautitlan.jpg 460w, https:\/\/www.diarioimagen.net\/wp-content\/uploads\/2024\/07\/atiende-gobierno-cuautitlan-240x141.jpg 240w\" sizes=\"auto, (max-width: 460px) 100vw, 460px\" \/><\/a><p id=\"caption-attachment-625773\" class=\"wp-caption-text\">Se lleva a cabo en Cuautitl\u00e1n Izcalli el Operativo Violeta para prevenir y atender la violencia de g\u00e9nero.<\/p><\/div>\n<p>&nbsp;<\/p>\n<p><strong>Cuautitl\u00e1n Izcalli, Estado de M\u00e9xico.\u2014<\/strong> Con un estado de fuerza de m\u00e1s de 265 elementos y 65 unidades se lleva a cabo el Operativo Violeta para prevenir y atender la violencia de g\u00e9nero por parte de los gobiernos de Cuautitl\u00e1n Izcalli y el del Estado de M\u00e9xico, acci\u00f3n que se suma a las actividades permanentes que realiza la Administraci\u00f3n Municipal que encabeza Karla Fiesco en favor de las mujeres izcallenses.<\/p>\n<p>El objetivo de dicho operativo es prevenir la violencia contra las mujeres mediante patrullajes, verificar si las mujeres tienen conocimiento de alguien que sea o son v\u00edctimas de violencia de g\u00e9nero y se est\u00e1n entregando ocho mil violent\u00f3metros y seis mil tr\u00edpticos con informaci\u00f3n de difusi\u00f3n de los servicios que se ofrecen para prevenir los modos y tipos de violencia.<\/p>\n<p>Asimismo, se sum\u00f3 personal del Instituto Municipal para la Equidad de G\u00e9nero y el Desarrollo de las Mujeres (IMEGDEM), Instituto Municipal de la Juventud de Cuautitl\u00e1n Izcalli (IMJUCI), Sistema Municipal DIF y Desarrollo Social, para visitar varias comunidades.<\/p>\n<p>Cabe destacar que, a fin de proteger a nuestras mujeres, el Gobierno Municipal ha realizado diversas actividades en favor de ellas como son 367 Puntos Violeta que se enfocan en capacitar a los propietarios de negocios para brindar refugio y asistencia a mujeres, adolescentes y ni\u00f1as en situaci\u00f3n de riesgo. De igual manera, se establecieron tres ULA\u2019s en puntos estrat\u00e9gicos del municipio: la Universidad Polit\u00e9cnica de Cuautitl\u00e1n Izcalli, la Comisar\u00eda General de Seguridad Ciudadana y el Instituto Municipal para la Equidad de G\u00e9nero y el Desarrollo de las Mujeres, ofreciendo un lugar seguro y accesible para recibir apoyo y asesoramiento.<\/p>\n<p>De igual forma, se encuentra de lunes a viernes la Unidad de G\u00e9nero M\u00f3vil la cual te brinda asesor\u00eda jur\u00eddica gratuita y contenci\u00f3n psicol\u00f3gica encontr\u00e1ndose instalada a un costado del Centro de Justicia para las Mujeres; asimismo se encuentra habilitado el Juzgado en L\u00ednea en la p\u00e1gina del Gobierno Municipal el cual te permite que la persona violentada o alg\u00fan conocido, vecino o familiar denuncie la violencia que est\u00e1 identificando en su n\u00facleo y as\u00ed ayudar llevando el tr\u00e1mite de Controversias de Violencia Familiar.<\/p>\n<p>Por otra parte, se cre\u00f3 el grupo Unidas Somos M\u00e1s en la aplicaci\u00f3n de WhatsApp, con m\u00e1s de mil participantes, en el cual te puedes unir por medio del n\u00famero 5570086615, para recibir ayuda y acompa\u00f1amiento si es necesario en caso de ser violentadas para llevar su proceso legal de manera r\u00e1pida y segura.<\/p>\n","protected":false},"excerpt":{"rendered":"<p>Con un estado de fuerza de m\u00e1s de 265 elementos y 65 unidades se lleva a cabo el Operativo Violeta para prevenir y atender la violencia de g\u00e9nero por parte de los gobiernos de Cuautitl\u00e1n Izcalli y el del Estado de M\u00e9xico, acci\u00f3n que se suma a las actividades permanentes que realiza la Administraci\u00f3n Municipal que encabeza Karla Fiesco en favor de las mujeres izcallenses.<\/p>\n","protected":false},"author":3,"featured_media":625773,"comment_status":"open","ping_status":"open","sticky":false,"template":"","format":"standard","meta":{"_monsterinsights_skip_tracking":false,"_monsterinsights_sitenote_active":false,"_monsterinsights_sitenote_note":"","_monsterinsights_sitenote_category":0,"footnotes":""},"categories":[5],"tags":[971,43675,25269,100297],"class_list":["post-625670","post","type-post","status-publish","format-standard","has-post-thumbnail","hentry","category-estado-de-mexico","tag-cuautitlan-izcalli","tag-estado-de-mexico","tag-genero","tag-operativo-violencia"],"_links":{"self":[{"href":"https:\/\/www.diarioimagen.net\/index.php?rest_route=\/wp\/v2\/posts\/625670","targetHints":{"allow":["GET"]}}],"collection":[{"href":"https:\/\/www.diarioimagen.net\/index.php?rest_route=\/wp\/v2\/posts"}],"about":[{"href":"https:\/\/www.diarioimagen.net\/index.php?rest_route=\/wp\/v2\/types\/post"}],"author":[{"embeddable":true,"href":"https:\/\/www.diarioimagen.net\/index.php?rest_route=\/wp\/v2\/users\/3"}],"replies":[{"embeddable":true,"href":"https:\/\/www.diarioimagen.net\/index.php?rest_route=%2Fwp%2Fv2%2Fcomments&post=625670"}],"version-history":[{"count":0,"href":"https:\/\/www.diarioimagen.net\/index.php?rest_route=\/wp\/v2\/posts\/625670\/revisions"}],"wp:featuredmedia":[{"embeddable":true,"href":"https:\/\/www.diarioimagen.net\/index.php?rest_route=\/wp\/v2\/media\/625773"}],"wp:attachment":[{"href":"https:\/\/www.diarioimagen.net\/index.php?rest_route=%2Fwp%2Fv2%2Fmedia&parent=625670"}],"wp:term":[{"taxonomy":"category","embeddable":true,"href":"https:\/\/www.diarioimagen.net\/index.php?rest_route=%2Fwp%2Fv2%2Fcategories&post=625670"},{"taxonomy":"post_tag","embeddable":true,"href":"https:\/\/www.diarioimagen.net\/index.php?rest_route=%2Fwp%2Fv2%2Ftags&post=625670"}],"curies":[{"name":"wp","href":"https:\/\/api.w.org\/{rel}","templated":true}]}}