{"id":625674,"date":"2024-07-11T00:04:29","date_gmt":"2024-07-11T06:04:29","guid":{"rendered":"https:\/\/www.diarioimagen.net\/?p=625674"},"modified":"2024-07-11T01:52:53","modified_gmt":"2024-07-11T07:52:53","slug":"enrique-aparicio-del-cocemin-apoya-la-transformacion-del-poder-judicial","status":"publish","type":"post","link":"https:\/\/www.diarioimagen.net\/?p=625674","title":{"rendered":"Enrique Aparicio, del Cocemin, apoya la transformaci\u00f3n del Poder Judicial"},"content":{"rendered":"<p>&nbsp;<\/p>\n<ul>\n<li><em><strong>Jornada nacional de asambleas informativas<\/strong><\/em><\/li>\n<\/ul>\n<p>&nbsp;<\/p>\n<div id=\"attachment_625775\" style=\"width: 470px\" class=\"wp-caption aligncenter\"><a href=\"https:\/\/www.diarioimagen.net\/?attachment_id=625775\" rel=\"attachment wp-att-625775\"><img loading=\"lazy\" decoding=\"async\" aria-describedby=\"caption-attachment-625775\" class=\"size-full wp-image-625775\" src=\"https:\/\/www.diarioimagen.net\/wp-content\/uploads\/2024\/07\/enrique-aparicio.jpg\" alt=\"\" width=\"460\" height=\"270\" srcset=\"https:\/\/www.diarioimagen.net\/wp-content\/uploads\/2024\/07\/enrique-aparicio.jpg 460w, https:\/\/www.diarioimagen.net\/wp-content\/uploads\/2024\/07\/enrique-aparicio-240x141.jpg 240w\" sizes=\"auto, (max-width: 460px) 100vw, 460px\" \/><\/a><p id=\"caption-attachment-625775\" class=\"wp-caption-text\">El presidente del Consejo de Coordinaci\u00f3n Empresarial e Industrial Nacional A.C., (Cocemin), Enrique Aparicio, consider\u00f3 que el Poder Judicial debe transformarse.<\/p><\/div>\n<p>&nbsp;<\/p>\n<p><strong>Naucalpan, Estado de M\u00e9xico.\u2014<\/strong> Durante la Jornada Nacional de Asambleas Informativas sobre la Reforma al Poder Judicial, el presidente del Consejo de Coordinaci\u00f3n Empresarial e Industrial Nacional A.C. (Cocemin), Enrique Aparicio, consider\u00f3 que este poder debe transformarse para acabar con su imperante corrupci\u00f3n.<\/p>\n<p>Enrique Aparicio detall\u00f3 que \u201cas\u00ed como en Naucalpan, en todo el pa\u00eds se han favorecido los privilegios de grupos de poder, hoy esto se va a acabar con la Reforma al Poder judicial\u201d.<\/p>\n<p>Detall\u00f3 que militantes y vecinos de ese municipio mostraron su respaldo al \u201cplan C\u201d propuesto por el Presidente de la Rep\u00fablica, Andr\u00e9s Manuel L\u00f3pez Obrador, que impulsa reformas constitucionales en materia de justicia, pensiones, programas sociales y por la no reelecci\u00f3n.<\/p>\n<p>Ante cientos de vecinos, el l\u00edder empresarial, quien estuvo acompa\u00f1ado por el l\u00edder nacional de Morena, Mario Delgado, afirm\u00f3 que estos encuentros mantienen un activismo de la militancia en las calles, en defensa de los derechos, que no debe abandonarse y que permitir\u00e1 a los representantes populares ser portavoces de la opini\u00f3n de la gente.<\/p>\n","protected":false},"excerpt":{"rendered":"<p>Durante la Jornada Nacional de Asambleas Informativas sobre la Reforma al Poder Judicial, el presidente del Consejo de Coordinaci\u00f3n Empresarial e Industrial Nacional A.C. (Cocemin), Enrique Aparicio, consider\u00f3 que este poder debe transformarse para acabar con su imperante corrupci\u00f3n.<\/p>\n","protected":false},"author":3,"featured_media":625775,"comment_status":"open","ping_status":"open","sticky":false,"template":"","format":"standard","meta":{"_monsterinsights_skip_tracking":false,"_monsterinsights_sitenote_active":false,"_monsterinsights_sitenote_note":"","_monsterinsights_sitenote_category":0,"footnotes":""},"categories":[5],"tags":[43675,970,6055,26582],"class_list":["post-625674","post","type-post","status-publish","format-standard","has-post-thumbnail","hentry","category-estado-de-mexico","tag-estado-de-mexico","tag-naucalpan","tag-poder-judicial","tag-transformacion"],"_links":{"self":[{"href":"https:\/\/www.diarioimagen.net\/index.php?rest_route=\/wp\/v2\/posts\/625674","targetHints":{"allow":["GET"]}}],"collection":[{"href":"https:\/\/www.diarioimagen.net\/index.php?rest_route=\/wp\/v2\/posts"}],"about":[{"href":"https:\/\/www.diarioimagen.net\/index.php?rest_route=\/wp\/v2\/types\/post"}],"author":[{"embeddable":true,"href":"https:\/\/www.diarioimagen.net\/index.php?rest_route=\/wp\/v2\/users\/3"}],"replies":[{"embeddable":true,"href":"https:\/\/www.diarioimagen.net\/index.php?rest_route=%2Fwp%2Fv2%2Fcomments&post=625674"}],"version-history":[{"count":0,"href":"https:\/\/www.diarioimagen.net\/index.php?rest_route=\/wp\/v2\/posts\/625674\/revisions"}],"wp:featuredmedia":[{"embeddable":true,"href":"https:\/\/www.diarioimagen.net\/index.php?rest_route=\/wp\/v2\/media\/625775"}],"wp:attachment":[{"href":"https:\/\/www.diarioimagen.net\/index.php?rest_route=%2Fwp%2Fv2%2Fmedia&parent=625674"}],"wp:term":[{"taxonomy":"category","embeddable":true,"href":"https:\/\/www.diarioimagen.net\/index.php?rest_route=%2Fwp%2Fv2%2Fcategories&post=625674"},{"taxonomy":"post_tag","embeddable":true,"href":"https:\/\/www.diarioimagen.net\/index.php?rest_route=%2Fwp%2Fv2%2Ftags&post=625674"}],"curies":[{"name":"wp","href":"https:\/\/api.w.org\/{rel}","templated":true}]}}