{"id":625676,"date":"2024-07-11T00:01:40","date_gmt":"2024-07-11T06:01:40","guid":{"rendered":"https:\/\/www.diarioimagen.net\/?p=625676"},"modified":"2024-07-11T01:49:00","modified_gmt":"2024-07-11T07:49:00","slug":"reconoce-cabildo-de-atizapan-el-apoyo-de-pedro-rodriguez-a-los-jovenes-deportistas","status":"publish","type":"post","link":"https:\/\/www.diarioimagen.net\/?p=625676","title":{"rendered":"Reconoce Cabildo de Atizap\u00e1n el apoyo de Pedro Rodr\u00edguez a los j\u00f3venes deportistas"},"content":{"rendered":"<p>&nbsp;<\/p>\n<p><a href=\"https:\/\/www.diarioimagen.net\/?attachment_id=625770\" rel=\"attachment wp-att-625770\"><img loading=\"lazy\" decoding=\"async\" class=\"aligncenter size-full wp-image-625770\" src=\"https:\/\/www.diarioimagen.net\/wp-content\/uploads\/2024\/07\/reconoce-cabildo-atizapan.jpg\" alt=\"\" width=\"460\" height=\"270\" srcset=\"https:\/\/www.diarioimagen.net\/wp-content\/uploads\/2024\/07\/reconoce-cabildo-atizapan.jpg 460w, https:\/\/www.diarioimagen.net\/wp-content\/uploads\/2024\/07\/reconoce-cabildo-atizapan-240x141.jpg 240w\" sizes=\"auto, (max-width: 460px) 100vw, 460px\" \/><\/a><\/p>\n<p>&nbsp;<\/p>\n<p><strong>Atizap\u00e1n de Zaragoza, Estado de M\u00e9xico.\u2014<\/strong> Integrantes del Cabildo de esta municipalidad reconocieron la labor que el presidente municipal, Pedro Rodr\u00edguez Villegas, realiza en favor de las y los j\u00f3venes deportistas del municipio, as\u00ed como el apoyo que ha dado para rehabilitar y mantener en buenas condiciones los lugares de esparcimiento y deportivos en el territorio municipal.<\/p>\n<p>En la Cent\u00e9sima Sexta Sesi\u00f3n Ordinaria del Cabildo, los ediles agradecieron a Rodr\u00edguez Villegas los beneficios otorgados a deportistas que se han desempe\u00f1ado no solo en competencias locales o nacionales, sino a nivel internacional. Con estos apoyos, dijeron, los logros en esta Administraci\u00f3n aumentan, ya que no s\u00f3lo son actividades que fortalecen el desarrollo f\u00edsico y emocional de las y los participantes, sino que tambi\u00e9n contribuyen a la reconstrucci\u00f3n del tejido social y familiar.<\/p>\n","protected":false},"excerpt":{"rendered":"<p>Integrantes del Cabildo de esta municipalidad reconocieron la labor que el presidente municipal, Pedro Rodr\u00edguez Villegas, realiza en favor de las y los j\u00f3venes deportistas del municipio, as\u00ed como el apoyo que ha dado para rehabilitar y mantener en buenas condiciones los lugares de esparcimiento y deportivos en el territorio municipal.<\/p>\n","protected":false},"author":3,"featured_media":625770,"comment_status":"open","ping_status":"open","sticky":false,"template":"","format":"standard","meta":{"_monsterinsights_skip_tracking":false,"_monsterinsights_sitenote_active":false,"_monsterinsights_sitenote_note":"","_monsterinsights_sitenote_category":0,"footnotes":""},"categories":[5],"tags":[3561,16505,43675,260],"class_list":["post-625676","post","type-post","status-publish","format-standard","has-post-thumbnail","hentry","category-estado-de-mexico","tag-atizapan-de-zaragoza","tag-deportistas","tag-estado-de-mexico","tag-jovenes"],"_links":{"self":[{"href":"https:\/\/www.diarioimagen.net\/index.php?rest_route=\/wp\/v2\/posts\/625676","targetHints":{"allow":["GET"]}}],"collection":[{"href":"https:\/\/www.diarioimagen.net\/index.php?rest_route=\/wp\/v2\/posts"}],"about":[{"href":"https:\/\/www.diarioimagen.net\/index.php?rest_route=\/wp\/v2\/types\/post"}],"author":[{"embeddable":true,"href":"https:\/\/www.diarioimagen.net\/index.php?rest_route=\/wp\/v2\/users\/3"}],"replies":[{"embeddable":true,"href":"https:\/\/www.diarioimagen.net\/index.php?rest_route=%2Fwp%2Fv2%2Fcomments&post=625676"}],"version-history":[{"count":0,"href":"https:\/\/www.diarioimagen.net\/index.php?rest_route=\/wp\/v2\/posts\/625676\/revisions"}],"wp:featuredmedia":[{"embeddable":true,"href":"https:\/\/www.diarioimagen.net\/index.php?rest_route=\/wp\/v2\/media\/625770"}],"wp:attachment":[{"href":"https:\/\/www.diarioimagen.net\/index.php?rest_route=%2Fwp%2Fv2%2Fmedia&parent=625676"}],"wp:term":[{"taxonomy":"category","embeddable":true,"href":"https:\/\/www.diarioimagen.net\/index.php?rest_route=%2Fwp%2Fv2%2Fcategories&post=625676"},{"taxonomy":"post_tag","embeddable":true,"href":"https:\/\/www.diarioimagen.net\/index.php?rest_route=%2Fwp%2Fv2%2Ftags&post=625676"}],"curies":[{"name":"wp","href":"https:\/\/api.w.org\/{rel}","templated":true}]}}