{"id":625823,"date":"2024-07-12T00:01:21","date_gmt":"2024-07-12T06:01:21","guid":{"rendered":"https:\/\/www.diarioimagen.net\/?p=625823"},"modified":"2024-07-14T20:16:27","modified_gmt":"2024-07-15T02:16:27","slug":"anuncia-mag-guerra-alvarez-capacitacion-y-actualizacion-a-abogadas-de-las-mujeres","status":"publish","type":"post","link":"https:\/\/www.diarioimagen.net\/?p=625823","title":{"rendered":"Anuncia mag. Guerra \u00c1lvarez capacitaci\u00f3n y actualizaci\u00f3n a abogadas de las mujeres"},"content":{"rendered":"<p>&nbsp;<\/p>\n<ul>\n<li><strong><em>Esto, a cargo del \u00f3rgano judicial, adelant\u00f3 el magistrado presidente de la instituci\u00f3n, en la entrega de reconocimientos a las litigantes de la Estrategia Abogadas de las Mujeres<\/em><\/strong><\/li>\n<\/ul>\n<p>&nbsp;<\/p>\n<div id=\"attachment_625916\" style=\"width: 470px\" class=\"wp-caption aligncenter\"><a href=\"https:\/\/www.diarioimagen.net\/?attachment_id=625916\" rel=\"attachment wp-att-625916\"><img loading=\"lazy\" decoding=\"async\" aria-describedby=\"caption-attachment-625916\" class=\"size-full wp-image-625916\" src=\"https:\/\/www.diarioimagen.net\/wp-content\/uploads\/2024\/07\/tribunal-5.jpg\" alt=\"\" width=\"460\" height=\"270\" srcset=\"https:\/\/www.diarioimagen.net\/wp-content\/uploads\/2024\/07\/tribunal-5.jpg 460w, https:\/\/www.diarioimagen.net\/wp-content\/uploads\/2024\/07\/tribunal-5-240x141.jpg 240w\" sizes=\"auto, (max-width: 460px) 100vw, 460px\" \/><\/a><p id=\"caption-attachment-625916\" class=\"wp-caption-text\">Durante la entrega de reconocimientos, el jefe de gobierno, Mart\u00ed Batres Guadarrama, agradeci\u00f3 la buena relaci\u00f3n existente entre su administraci\u00f3n y el PJCDMX.<\/p><\/div>\n<p>&nbsp;<\/p>\n<p>El presidente del Poder Judicial de la Ciudad de M\u00e9xico (PJCDMX), magistrado Rafael Guerra \u00c1lvarez, anunci\u00f3 la implementaci\u00f3n de una campa\u00f1a de actualizaci\u00f3n y capacitaci\u00f3n para abogadas de las mujeres adscritas a la Secretar\u00eda de las Mujeres del gobierno capitalino, a cargo del \u00f3rgano judicial, en el acto en el que se les reconoci\u00f3 por su labor desempe\u00f1ada.<\/p>\n<p>En el Museo de la Ciudad de M\u00e9xico, Batres Guadarrama, al hablar sobre el debate por la reforma judicial, destac\u00f3 la buena relaci\u00f3n existente entre su administraci\u00f3n y el Poder Judicial de la Ciudad de M\u00e9xico, en el marco de la autonom\u00eda de poderes, pero al mismo tiempo de colaboraci\u00f3n. A su vez, la secretaria de las Mujeres, Ingrid G\u00f3mez Sarac\u00edbar destac\u00f3 el compromiso, \u201cla escucha\u201d y el acompa\u00f1amiento del magistrado en las causas a favor de ellas.<\/p>\n<p>En el acto donde se reconoci\u00f3 la Estrategia Abogadas de las Mujeres, Guerra \u00c1lvarez subray\u00f3 que la liberaci\u00f3n de ellas del yugo de la violencia es la causa m\u00e1s importante de \u201cnuestro tiempo\u201d, lo que representa una posici\u00f3n institucional del PJCDMX, y ofreci\u00f3 predicar con la palabra y el ejemplo esa determinaci\u00f3n.<\/p>\n<p>Asegur\u00f3 que el PJCDMX es una instituci\u00f3n que est\u00e1 a las \u00f3rdenes de la ciudadan\u00eda, con un esp\u00edritu de servicio que renueva su compromiso en la inspiraci\u00f3n del trabajo y vocaci\u00f3n de las mujeres de las abogadas, que con su labor han beneficiado a 150 mil de ellas, al cabo de cuatro a\u00f1os de trabajo continuo.<\/p>\n<p>Con la presencia de la encargada de la Recepci\u00f3n y Atenci\u00f3n de los Asuntos de la Comisi\u00f3n Nacional para Prevenir y Erradicar la Violencia contra las Mujeres del gobierno federal, Sayda Yadira Blanco Morf\u00edn, y del encargado del despacho de la Fiscal\u00eda General de Justicia de la Ciudad de M\u00e9xico, Ulises Lara L\u00f3pez, entre otros, Guerra \u00c1lvarez asegur\u00f3 que la influencia de las abogadas reconocidas es invaluable para hacer tangibles avances importantes que transforman la impartici\u00f3n de justicia ante delitos de g\u00e9nero y el otorgamiento din\u00e1mico de medidas de protecci\u00f3n.<\/p>\n<p>\u201cAcudimos con optimismo porque la labor que realizan las abogadas de las mujeres contribuye a cambiar la crucial situaci\u00f3n que viven quienes son v\u00edctimas de violencia, cuya erradicaci\u00f3n nos corresponde a todas y todos en una acci\u00f3n transversal de las instituciones\u201d, plante\u00f3.<\/p>\n<p>Record\u00f3 que al interior del PJCDMX se han puesto en marcha actividades acad\u00e9micas, llevado a cabo publicaciones, organizado conversatorios, formulado protocolos de atenci\u00f3n y desplegado indicadores cuantitativos, todos a favor de la erradicaci\u00f3n de la violencia contra las mujeres, adem\u00e1s de participar puntualmente en los informes mensuales de alerta de g\u00e9nero.<\/p>\n","protected":false},"excerpt":{"rendered":"<p>El presidente del Poder Judicial de la Ciudad de M\u00e9xico (PJCDMX), magistrado Rafael Guerra \u00c1lvarez, anunci\u00f3 la implementaci\u00f3n de una campa\u00f1a de actualizaci\u00f3n y capacitaci\u00f3n para abogadas de las mujeres adscritas a la Secretar\u00eda de las Mujeres del gobierno capitalino, a cargo del \u00f3rgano judicial, en el acto en el que se les reconoci\u00f3 por su labor desempe\u00f1ada.<\/p>\n","protected":false},"author":3,"featured_media":625916,"comment_status":"open","ping_status":"open","sticky":false,"template":"","format":"standard","meta":{"_monsterinsights_skip_tracking":false,"_monsterinsights_sitenote_active":false,"_monsterinsights_sitenote_note":"","_monsterinsights_sitenote_category":0,"footnotes":""},"categories":[6],"tags":[63370,1921,87379],"class_list":["post-625823","post","type-post","status-publish","format-standard","has-post-thumbnail","hentry","category-cd-de-mexico","tag-actualizacion","tag-mujeres","tag-pjcdmx"],"_links":{"self":[{"href":"https:\/\/www.diarioimagen.net\/index.php?rest_route=\/wp\/v2\/posts\/625823","targetHints":{"allow":["GET"]}}],"collection":[{"href":"https:\/\/www.diarioimagen.net\/index.php?rest_route=\/wp\/v2\/posts"}],"about":[{"href":"https:\/\/www.diarioimagen.net\/index.php?rest_route=\/wp\/v2\/types\/post"}],"author":[{"embeddable":true,"href":"https:\/\/www.diarioimagen.net\/index.php?rest_route=\/wp\/v2\/users\/3"}],"replies":[{"embeddable":true,"href":"https:\/\/www.diarioimagen.net\/index.php?rest_route=%2Fwp%2Fv2%2Fcomments&post=625823"}],"version-history":[{"count":0,"href":"https:\/\/www.diarioimagen.net\/index.php?rest_route=\/wp\/v2\/posts\/625823\/revisions"}],"wp:featuredmedia":[{"embeddable":true,"href":"https:\/\/www.diarioimagen.net\/index.php?rest_route=\/wp\/v2\/media\/625916"}],"wp:attachment":[{"href":"https:\/\/www.diarioimagen.net\/index.php?rest_route=%2Fwp%2Fv2%2Fmedia&parent=625823"}],"wp:term":[{"taxonomy":"category","embeddable":true,"href":"https:\/\/www.diarioimagen.net\/index.php?rest_route=%2Fwp%2Fv2%2Fcategories&post=625823"},{"taxonomy":"post_tag","embeddable":true,"href":"https:\/\/www.diarioimagen.net\/index.php?rest_route=%2Fwp%2Fv2%2Ftags&post=625823"}],"curies":[{"name":"wp","href":"https:\/\/api.w.org\/{rel}","templated":true}]}}