{"id":625832,"date":"2024-07-12T00:08:01","date_gmt":"2024-07-12T06:08:01","guid":{"rendered":"https:\/\/www.diarioimagen.net\/?p=625832"},"modified":"2024-07-14T20:20:46","modified_gmt":"2024-07-15T02:20:46","slug":"fortaleza-fisica-y-mental-necesarias-en-la-practica-de-lucha-universitaria","status":"publish","type":"post","link":"https:\/\/www.diarioimagen.net\/?p=625832","title":{"rendered":"Fortaleza f\u00edsica y mental, necesarias en la pr\u00e1ctica de Lucha Universitaria"},"content":{"rendered":"<p>&nbsp;<\/p>\n<div id=\"attachment_625912\" style=\"width: 470px\" class=\"wp-caption aligncenter\"><a href=\"https:\/\/www.diarioimagen.net\/?attachment_id=625912\" rel=\"attachment wp-att-625912\"><img loading=\"lazy\" decoding=\"async\" aria-describedby=\"caption-attachment-625912\" class=\"wp-image-625912 size-full\" src=\"https:\/\/www.diarioimagen.net\/wp-content\/uploads\/2024\/07\/uaem-fortaleza-fisica.jpg\" alt=\"\" width=\"460\" height=\"270\" srcset=\"https:\/\/www.diarioimagen.net\/wp-content\/uploads\/2024\/07\/uaem-fortaleza-fisica.jpg 460w, https:\/\/www.diarioimagen.net\/wp-content\/uploads\/2024\/07\/uaem-fortaleza-fisica-240x141.jpg 240w\" sizes=\"auto, (max-width: 460px) 100vw, 460px\" \/><\/a><p id=\"caption-attachment-625912\" class=\"wp-caption-text\">Alejandra Retureta S\u00e1nchez, estudiante del segundo semestre de la Licenciatura en Antropolog\u00eda Social. \/ Fernando Fern\u00e1ndez Pacheco, estudiante de la Facultad de Ciencias de la Conducta.<\/p><\/div>\n<p>&nbsp;<\/p>\n<p><strong>Toluca, Estado de M\u00e9xico.\u2014 <\/strong>Alejandra Retureta S\u00e1nchez y Fernando Fern\u00e1ndez Pacheco, estudiantes de la Universidad Aut\u00f3noma del Estado de M\u00e9xico (UAEM\u00e9x), aseguran que la intensidad y el coraje, pero sobre todo la fortaleza mental les ayud\u00f3 a colocarse en el podio de la pasada Universiada Nacional Aguascalientes 2024, donde consiguieron medalla de plata en la disciplina de Lucha Universitaria.<\/p>\n<p>Alejandra Retureta S\u00e1nchez, estudiante del segundo semestre de la Licenciatura en Antropolog\u00eda Social, se apasion\u00f3 por la Lucha Universitaria desde los 15 a\u00f1os.\u00a0 La obtenci\u00f3n del segundo lugar, dijo, fue producto de la fortaleza y velocidad, cualidades que la pr\u00e1ctica de este deporte le ha aportado.<\/p>\n<p>\u201cEste deporte me ha hecho fuerte por ser una disciplina en la que aplicas la fuerza f\u00edsica y mental, los entrenamientos son intensos y de alta resistencia, adem\u00e1s mi pap\u00e1 es muy exigente conmigo y he entrenado mucho para que mi lucha sea de m\u00e1s fuerza\u201d, apunt\u00f3.<\/p>\n<p>Por su parte, Fernando Fern\u00e1ndez Pacheco, estudiante de la Facultad de Ciencias de la Conducta, comenz\u00f3 en la lucha ol\u00edmpica a los 19 a\u00f1os, deporte que compagina con la Licenciatura de Cultura F\u00edsica y Deporte.<\/p>\n<p>\u201cMi carrera me exige estar f\u00edsicamente en la escuela, es por eso que administro mis tiempos para entrenar en las ma\u00f1anas y estudiar en las tardes. Al principio fue muy pesado porque soy for\u00e1neo y la soledad me peg\u00f3 mucho; el no estar con mi familia y estar en un lugar nuevo es complicado\u201d, refiri\u00f3. Fern\u00e1ndez Pacheco comenz\u00f3 en el deporte a los siete a\u00f1os practicando pentatl\u00f3n y en 2022 particip\u00f3 en el Campeonato Nacional de Lucha en Oaxaca, d\u00f3nde gan\u00f3 el tercer lugar. \u201cFue una gran competencia, ya que me med\u00ed con deportistas que han sido campeones nacionales e internacionales y considero que ha sido un gran logro\u201d, subray\u00f3.<\/p>\n<p>Para ambos universitarios, la Lucha Ol\u00edmpica es un deporte que les ha permitido conseguir grandes amistades y fortalecer sus cualidades f\u00edsicas, una actividad que ayuda a tener confianza, disciplina y valor. En palabras de Retureta S\u00e1nchez, \u201ces un deporte muy bonito, cuando est\u00e1s en el colch\u00f3n luchando frente a muchas personas es una sensaci\u00f3n muy satisfactoria\u201d.<\/p>\n","protected":false},"excerpt":{"rendered":"<p>Alejandra Retureta S\u00e1nchez y Fernando Fern\u00e1ndez Pacheco, estudiantes de la Universidad Aut\u00f3noma del Estado de M\u00e9xico (UAEM\u00e9x), aseguran que la intensidad y el coraje, pero sobre todo la fortaleza mental les ayud\u00f3 a colocarse en el podio de la pasada Universiada Nacional Aguascalientes 2024, donde consiguieron medalla de plata en la disciplina de Lucha Universitaria.<\/p>\n","protected":false},"author":3,"featured_media":625912,"comment_status":"open","ping_status":"open","sticky":false,"template":"","format":"standard","meta":{"_monsterinsights_skip_tracking":false,"_monsterinsights_sitenote_active":false,"_monsterinsights_sitenote_note":"","_monsterinsights_sitenote_category":0,"footnotes":""},"categories":[5],"tags":[43675,452,67878],"class_list":["post-625832","post","type-post","status-publish","format-standard","has-post-thumbnail","hentry","category-estado-de-mexico","tag-estado-de-mexico","tag-toluca","tag-uaemex"],"_links":{"self":[{"href":"https:\/\/www.diarioimagen.net\/index.php?rest_route=\/wp\/v2\/posts\/625832","targetHints":{"allow":["GET"]}}],"collection":[{"href":"https:\/\/www.diarioimagen.net\/index.php?rest_route=\/wp\/v2\/posts"}],"about":[{"href":"https:\/\/www.diarioimagen.net\/index.php?rest_route=\/wp\/v2\/types\/post"}],"author":[{"embeddable":true,"href":"https:\/\/www.diarioimagen.net\/index.php?rest_route=\/wp\/v2\/users\/3"}],"replies":[{"embeddable":true,"href":"https:\/\/www.diarioimagen.net\/index.php?rest_route=%2Fwp%2Fv2%2Fcomments&post=625832"}],"version-history":[{"count":0,"href":"https:\/\/www.diarioimagen.net\/index.php?rest_route=\/wp\/v2\/posts\/625832\/revisions"}],"wp:featuredmedia":[{"embeddable":true,"href":"https:\/\/www.diarioimagen.net\/index.php?rest_route=\/wp\/v2\/media\/625912"}],"wp:attachment":[{"href":"https:\/\/www.diarioimagen.net\/index.php?rest_route=%2Fwp%2Fv2%2Fmedia&parent=625832"}],"wp:term":[{"taxonomy":"category","embeddable":true,"href":"https:\/\/www.diarioimagen.net\/index.php?rest_route=%2Fwp%2Fv2%2Fcategories&post=625832"},{"taxonomy":"post_tag","embeddable":true,"href":"https:\/\/www.diarioimagen.net\/index.php?rest_route=%2Fwp%2Fv2%2Ftags&post=625832"}],"curies":[{"name":"wp","href":"https:\/\/api.w.org\/{rel}","templated":true}]}}