{"id":625840,"date":"2024-07-12T00:06:27","date_gmt":"2024-07-12T06:06:27","guid":{"rendered":"https:\/\/www.diarioimagen.net\/?p=625840"},"modified":"2024-07-29T23:36:06","modified_gmt":"2024-07-30T05:36:06","slug":"designacion-de-nuevo-comandante-de-la-37-a-zona-militar","status":"publish","type":"post","link":"https:\/\/www.diarioimagen.net\/?p=625840","title":{"rendered":"Designaci\u00f3n de nuevo comandante de la 37\/a Zona\u00a0Militar en Santa\u00a0Luc\u00eda"},"content":{"rendered":"<p>&nbsp;<\/p>\n<ul>\n<li><em><strong>Horacio Duarte Olivares asiste a ceremonia<\/strong><\/em><\/li>\n<\/ul>\n<p>&nbsp;<\/p>\n<div id=\"attachment_625921\" style=\"width: 470px\" class=\"wp-caption aligncenter\"><a href=\"https:\/\/www.diarioimagen.net\/?attachment_id=625921\" rel=\"attachment wp-att-625921\"><img loading=\"lazy\" decoding=\"async\" aria-describedby=\"caption-attachment-625921\" class=\"size-full wp-image-625921\" src=\"https:\/\/www.diarioimagen.net\/wp-content\/uploads\/2024\/07\/designacion-nuevo-comandante.jpg\" alt=\"\" width=\"460\" height=\"270\" srcset=\"https:\/\/www.diarioimagen.net\/wp-content\/uploads\/2024\/07\/designacion-nuevo-comandante.jpg 460w, https:\/\/www.diarioimagen.net\/wp-content\/uploads\/2024\/07\/designacion-nuevo-comandante-240x141.jpg 240w\" sizes=\"auto, (max-width: 460px) 100vw, 460px\" \/><\/a><p id=\"caption-attachment-625921\" class=\"wp-caption-text\">En representaci\u00f3n de la Gobernadora del Estado de M\u00e9xico, Delfina G\u00f3mez \u00c1lvarez, Horacio Duarte Olivares, Secretario General de Gobierno, asisti\u00f3 a la ceremonia de designaci\u00f3n de nuevo comandante de la 37\/a Zona Militar.<\/p><\/div>\n<p>&nbsp;<\/p>\n<p><strong>Zumpango, Estado de M\u00e9xico.\u2014<\/strong> En representaci\u00f3n de la Maestra Delfina G\u00f3mez \u00c1lvarez, gobernadora del Estado de M\u00e9xico, Horacio Duarte Olivares, Secretario General de Gobierno, asisti\u00f3 a la ceremonia de designaci\u00f3n del nuevo comandante de la 37\/a. Zona Militar con sede en Santa Luc\u00eda, en el oriente de la entidad.<\/p>\n<p>El General de Divisi\u00f3n Diplomado de Estado Mayor Ernesto Jos\u00e9 Zapata P\u00e9rez, Comandante de la I Regi\u00f3n Militar, realiz\u00f3 la toma de posesi\u00f3n al cargo y Protesta de bandera del General de Brigada Diplomado de Estado Mayor Jos\u00e9 Manuel Ram\u00edrez Mart\u00ednez, como nuevo Comandante.<\/p>\n<p>La toma de protesta fue realizada aayer jueces en las instalaciones de la 37\/a Zona Militar con el objetivo de que los mandos ocupen diferentes cargos en beneficio del pueblo.<\/p>\n<p>A la ceremonia tambi\u00e9n asistieron autoridades militares y civiles, presidentes municipales de Cuautitl\u00e1n Izcalli, Nextlalpan, Zumpango e invitados especiales.<\/p>\n","protected":false},"excerpt":{"rendered":"<p>En representaci\u00f3n de la Maestra Delfina G\u00f3mez \u00c1lvarez, gobernadora del Estado de M\u00e9xico, Horacio Duarte Olivares, Secretario General de Gobierno, asisti\u00f3 a la ceremonia de designaci\u00f3n del nuevo comandante de la 37\/a. Zona Militar con sede en Santa Luc\u00eda, en el oriente de la entidad.<\/p>\n","protected":false},"author":3,"featured_media":625921,"comment_status":"open","ping_status":"open","sticky":false,"template":"","format":"standard","meta":{"_monsterinsights_skip_tracking":false,"_monsterinsights_sitenote_active":false,"_monsterinsights_sitenote_note":"","_monsterinsights_sitenote_category":0,"footnotes":""},"categories":[5,99730],"tags":[100305,96154,43677],"class_list":["post-625840","post","type-post","status-publish","format-standard","has-post-thumbnail","hentry","category-estado-de-mexico","category-edomex","tag-ernesto-jose-zapata-perez","tag-horacio-duarte-olivares","tag-seguridad"],"_links":{"self":[{"href":"https:\/\/www.diarioimagen.net\/index.php?rest_route=\/wp\/v2\/posts\/625840","targetHints":{"allow":["GET"]}}],"collection":[{"href":"https:\/\/www.diarioimagen.net\/index.php?rest_route=\/wp\/v2\/posts"}],"about":[{"href":"https:\/\/www.diarioimagen.net\/index.php?rest_route=\/wp\/v2\/types\/post"}],"author":[{"embeddable":true,"href":"https:\/\/www.diarioimagen.net\/index.php?rest_route=\/wp\/v2\/users\/3"}],"replies":[{"embeddable":true,"href":"https:\/\/www.diarioimagen.net\/index.php?rest_route=%2Fwp%2Fv2%2Fcomments&post=625840"}],"version-history":[{"count":0,"href":"https:\/\/www.diarioimagen.net\/index.php?rest_route=\/wp\/v2\/posts\/625840\/revisions"}],"wp:featuredmedia":[{"embeddable":true,"href":"https:\/\/www.diarioimagen.net\/index.php?rest_route=\/wp\/v2\/media\/625921"}],"wp:attachment":[{"href":"https:\/\/www.diarioimagen.net\/index.php?rest_route=%2Fwp%2Fv2%2Fmedia&parent=625840"}],"wp:term":[{"taxonomy":"category","embeddable":true,"href":"https:\/\/www.diarioimagen.net\/index.php?rest_route=%2Fwp%2Fv2%2Fcategories&post=625840"},{"taxonomy":"post_tag","embeddable":true,"href":"https:\/\/www.diarioimagen.net\/index.php?rest_route=%2Fwp%2Fv2%2Ftags&post=625840"}],"curies":[{"name":"wp","href":"https:\/\/api.w.org\/{rel}","templated":true}]}}