{"id":625844,"date":"2024-07-12T00:04:18","date_gmt":"2024-07-12T06:04:18","guid":{"rendered":"https:\/\/www.diarioimagen.net\/?p=625844"},"modified":"2024-07-12T03:54:44","modified_gmt":"2024-07-12T09:54:44","slug":"aprueban-incorporar-242-unidades-al-parque-vehicular-de-naucalpan","status":"publish","type":"post","link":"https:\/\/www.diarioimagen.net\/?p=625844","title":{"rendered":"Aprueban incorporar 242 unidades al parque vehicular de Naucalpan"},"content":{"rendered":"<p>&nbsp;<\/p>\n<ul>\n<li><em><strong>No fueron registradas en gestiones pasadas <\/strong><\/em><\/li>\n<\/ul>\n<p>&nbsp;<\/p>\n<div id=\"attachment_625941\" style=\"width: 470px\" class=\"wp-caption aligncenter\"><a href=\"https:\/\/www.diarioimagen.net\/?attachment_id=625941\" rel=\"attachment wp-att-625941\"><img loading=\"lazy\" decoding=\"async\" aria-describedby=\"caption-attachment-625941\" class=\"size-full wp-image-625941\" src=\"https:\/\/www.diarioimagen.net\/wp-content\/uploads\/2024\/07\/aprueban-incorporar-naucalpan.jpg\" alt=\"\" width=\"460\" height=\"270\" srcset=\"https:\/\/www.diarioimagen.net\/wp-content\/uploads\/2024\/07\/aprueban-incorporar-naucalpan.jpg 460w, https:\/\/www.diarioimagen.net\/wp-content\/uploads\/2024\/07\/aprueban-incorporar-naucalpan-240x141.jpg 240w\" sizes=\"auto, (max-width: 460px) 100vw, 460px\" \/><\/a><p id=\"caption-attachment-625941\" class=\"wp-caption-text\">El Cuerpo Edilicio de Naucalpanaprob\u00f3 incorporar al patrimonio municipal 242 unidades que fueron arrendadas en la administraci\u00f3n de Edgar Olvera y compradas en el gobierno de Patricia Dur\u00e1n.<\/p><\/div>\n<p>&nbsp;<\/p>\n<p><strong>Naucalpan, Estado de M\u00e9xico.\u2014<\/strong> Con el objetivo de brindar certeza jur\u00eddica al parque vehicular, el Cuerpo Edilicio de esta localidad, aprob\u00f3 incorporar al patrimonio municipal 242 unidades que fueron arrendadas en la administraci\u00f3n de Edgar Olvera y compradas en el gobierno de Patricia Dur\u00e1n, que no las liquid\u00f3 en su momento, motivo por el que no se contaba con las facturas correspondientes para su registro contable.<\/p>\n<p>Durante la Cent\u00e9sima D\u00e9cima Tercera Sesi\u00f3n Ordinaria de Cabildo, los integrantes del Cuerpo Edilicio aprobaron por unanimidad el acuerdo que incorpora al patrimonio estos veh\u00edculos, entre los que se encuentran unidades tipo sed\u00e1n, pick ups, patrullas con equipamiento, entre otras, del proveedor Lumo Financiera del Centro S.A. de C.V., SOFOM, E.N.R., con quien el gobierno de Dur\u00e1n Reveles celebr\u00f3 un contrato de adquisici\u00f3n en agosto de 2019.<\/p>\n<p>En 2022, MICRO CREDIT demand\u00f3 al gobierno municipal el pago de 34.58 millones de pesos, de ellos 8.61 millones por intereses moratorios vencidos y no pagados, pero ambas partes firmaron un convenio para dejar el monto en 17.5 millones de pesos.<\/p>\n<p>En febrero de 2023 se dio por concluido el juicio, al quedar el adeudo liquidado; posteriormente se llev\u00f3 a cabo la validaci\u00f3n de la autenticidad, vigencia e informaci\u00f3n de las facturas de las unidades referidas ante el Servicio de Administraci\u00f3n Tributaria, para que pudieran ser incorporadas cabalmente al patrimonio municipal, previa autorizaci\u00f3n del Cuerpo Edilicio.<\/p>\n","protected":false},"excerpt":{"rendered":"<p>Con el objetivo de brindar certeza jur\u00eddica al parque vehicular, el Cuerpo Edilicio de esta localidad, aprob\u00f3 incorporar al patrimonio municipal 242 unidades que fueron arrendadas en la administraci\u00f3n de Edgar Olvera y compradas en el gobierno de Patricia Dur\u00e1n, que no las liquid\u00f3 en su momento, motivo por el que no se contaba con las facturas correspondientes para su registro contable.<\/p>\n","protected":false},"author":3,"featured_media":625941,"comment_status":"open","ping_status":"open","sticky":false,"template":"","format":"standard","meta":{"_monsterinsights_skip_tracking":false,"_monsterinsights_sitenote_active":false,"_monsterinsights_sitenote_note":"","_monsterinsights_sitenote_category":0,"footnotes":""},"categories":[5],"tags":[43675,98538,970,77041],"class_list":["post-625844","post","type-post","status-publish","format-standard","has-post-thumbnail","hentry","category-estado-de-mexico","tag-estado-de-mexico","tag-incorporar","tag-naucalpan","tag-parque-vehicular"],"_links":{"self":[{"href":"https:\/\/www.diarioimagen.net\/index.php?rest_route=\/wp\/v2\/posts\/625844","targetHints":{"allow":["GET"]}}],"collection":[{"href":"https:\/\/www.diarioimagen.net\/index.php?rest_route=\/wp\/v2\/posts"}],"about":[{"href":"https:\/\/www.diarioimagen.net\/index.php?rest_route=\/wp\/v2\/types\/post"}],"author":[{"embeddable":true,"href":"https:\/\/www.diarioimagen.net\/index.php?rest_route=\/wp\/v2\/users\/3"}],"replies":[{"embeddable":true,"href":"https:\/\/www.diarioimagen.net\/index.php?rest_route=%2Fwp%2Fv2%2Fcomments&post=625844"}],"version-history":[{"count":0,"href":"https:\/\/www.diarioimagen.net\/index.php?rest_route=\/wp\/v2\/posts\/625844\/revisions"}],"wp:featuredmedia":[{"embeddable":true,"href":"https:\/\/www.diarioimagen.net\/index.php?rest_route=\/wp\/v2\/media\/625941"}],"wp:attachment":[{"href":"https:\/\/www.diarioimagen.net\/index.php?rest_route=%2Fwp%2Fv2%2Fmedia&parent=625844"}],"wp:term":[{"taxonomy":"category","embeddable":true,"href":"https:\/\/www.diarioimagen.net\/index.php?rest_route=%2Fwp%2Fv2%2Fcategories&post=625844"},{"taxonomy":"post_tag","embeddable":true,"href":"https:\/\/www.diarioimagen.net\/index.php?rest_route=%2Fwp%2Fv2%2Ftags&post=625844"}],"curies":[{"name":"wp","href":"https:\/\/api.w.org\/{rel}","templated":true}]}}