{"id":625987,"date":"2024-07-15T00:01:50","date_gmt":"2024-07-15T06:01:50","guid":{"rendered":"https:\/\/www.diarioimagen.net\/?p=625987"},"modified":"2024-07-15T21:43:03","modified_gmt":"2024-07-16T03:43:03","slug":"honor-a-quien-honor-merece-chingao","status":"publish","type":"post","link":"https:\/\/www.diarioimagen.net\/?p=625987","title":{"rendered":"Honor a quien honor merece, chingao..!"},"content":{"rendered":"<p>&nbsp;<\/p>\n<ul>\n<li><strong><em>Mar\u00eda Ram\u00edrez, originaria de Oaxaca e ingeniera en gen\u00e9tica, es cient\u00edfica mexicana de fama mundial por sus importantes aportaciones para combatir el c\u00e1ncer<\/em><\/strong><\/li>\n<\/ul>\n<p>&nbsp;<\/p>\n<h4>Jos\u00e9 Luis Monta\u00f1ez<\/h4>\n<p>&nbsp;<\/p>\n<p><a href=\"https:\/\/www.diarioimagen.net\/?attachment_id=626087\" rel=\"attachment wp-att-626087\"><img loading=\"lazy\" decoding=\"async\" class=\"alignright wp-image-626087\" src=\"https:\/\/www.diarioimagen.net\/wp-content\/uploads\/2024\/07\/portada-mx-3.jpg\" alt=\"\" width=\"280\" height=\"442\" srcset=\"https:\/\/www.diarioimagen.net\/wp-content\/uploads\/2024\/07\/portada-mx-3.jpg 460w, https:\/\/www.diarioimagen.net\/wp-content\/uploads\/2024\/07\/portada-mx-3-152x240.jpg 152w, https:\/\/www.diarioimagen.net\/wp-content\/uploads\/2024\/07\/portada-mx-3-171x270.jpg 171w\" sizes=\"auto, (max-width: 280px) 100vw, 280px\" \/><\/a>Mar\u00eda Ram\u00edrez, originaria de Oaxaca de Ju\u00e1rez, en 2015 gan\u00f3 la beca Jos\u00e9 Vasconcelos y logr\u00f3 graduarse con honores de la carrera de Ingenier\u00eda Gen\u00e9tica con especialidad en Biolog\u00eda Molecular, actualmente desempe\u00f1a un cargo clave dentro de un especializado equipo de cient\u00edficos de la European Society Of Human Genetics (ESHG) con sede en Viena, Austria.<\/p>\n<p>Dentro de sus aportes a la ciencia destaca la reprogramaci\u00f3n de linfocitos y su aplicaci\u00f3n en la inmunoterapia para atacar c\u00e9lulas tumorales.<\/p>\n<p>Obviamente no es famosa porque no es bonita ni est\u00e1 ense\u00f1ando su cuerpo en las redes sociales, pero hag\u00e1mosla famosa, vale la pena que M\u00e9xico se entere qui\u00e9n es. Hacen falta ejemplos como el suyo.<\/p>\n","protected":false},"excerpt":{"rendered":"<p>Mar\u00eda Ram\u00edrez, originaria de Oaxaca de Ju\u00e1rez, en 2015 gan\u00f3 la beca Jos\u00e9 Vasconcelos y logr\u00f3 graduarse con honores de la carrera de Ingenier\u00eda Gen\u00e9tica con especialidad en Biolog\u00eda Molecular, actualmente desempe\u00f1a un cargo clave dentro de un especializado equipo de cient\u00edficos de la European Society Of Human Genetics (ESHG) con sede en Viena, Austria.<\/p>\n","protected":false},"author":3,"featured_media":626089,"comment_status":"open","ping_status":"open","sticky":false,"template":"","format":"standard","meta":{"_monsterinsights_skip_tracking":false,"_monsterinsights_sitenote_active":false,"_monsterinsights_sitenote_note":"","_monsterinsights_sitenote_category":0,"footnotes":""},"categories":[17,877],"tags":[5577,43692,13428],"class_list":["post-625987","post","type-post","status-publish","format-standard","has-post-thumbnail","hentry","category-especiales","category-salud","tag-austria","tag-salud","tag-viena"],"_links":{"self":[{"href":"https:\/\/www.diarioimagen.net\/index.php?rest_route=\/wp\/v2\/posts\/625987","targetHints":{"allow":["GET"]}}],"collection":[{"href":"https:\/\/www.diarioimagen.net\/index.php?rest_route=\/wp\/v2\/posts"}],"about":[{"href":"https:\/\/www.diarioimagen.net\/index.php?rest_route=\/wp\/v2\/types\/post"}],"author":[{"embeddable":true,"href":"https:\/\/www.diarioimagen.net\/index.php?rest_route=\/wp\/v2\/users\/3"}],"replies":[{"embeddable":true,"href":"https:\/\/www.diarioimagen.net\/index.php?rest_route=%2Fwp%2Fv2%2Fcomments&post=625987"}],"version-history":[{"count":0,"href":"https:\/\/www.diarioimagen.net\/index.php?rest_route=\/wp\/v2\/posts\/625987\/revisions"}],"wp:featuredmedia":[{"embeddable":true,"href":"https:\/\/www.diarioimagen.net\/index.php?rest_route=\/wp\/v2\/media\/626089"}],"wp:attachment":[{"href":"https:\/\/www.diarioimagen.net\/index.php?rest_route=%2Fwp%2Fv2%2Fmedia&parent=625987"}],"wp:term":[{"taxonomy":"category","embeddable":true,"href":"https:\/\/www.diarioimagen.net\/index.php?rest_route=%2Fwp%2Fv2%2Fcategories&post=625987"},{"taxonomy":"post_tag","embeddable":true,"href":"https:\/\/www.diarioimagen.net\/index.php?rest_route=%2Fwp%2Fv2%2Ftags&post=625987"}],"curies":[{"name":"wp","href":"https:\/\/api.w.org\/{rel}","templated":true}]}}