{"id":625989,"date":"2024-07-15T00:01:41","date_gmt":"2024-07-15T06:01:41","guid":{"rendered":"https:\/\/www.diarioimagen.net\/?p=625989"},"modified":"2024-07-15T23:59:34","modified_gmt":"2024-07-16T05:59:34","slug":"dan-a-pjcdmx-reconocimientos-100-capacitados-y-100-capacitados-plus-2024","status":"publish","type":"post","link":"https:\/\/www.diarioimagen.net\/?p=625989","title":{"rendered":"Dan a PJCDMX reconocimientos <em>100%\u00a0Capacitados<\/em> y <em>100% Capacitados Plus 2024<\/em>"},"content":{"rendered":"<p>&nbsp;<\/p>\n<ul>\n<li><strong><em>El Instituto de Transparencia, Acceso a la Informaci\u00f3n P\u00fablica, Protecci\u00f3n de Datos Personales y Rendici\u00f3n de Cuentas le hizo entrega de ambos galardones<\/em><\/strong><\/li>\n<\/ul>\n<p>&nbsp;<\/p>\n<div id=\"attachment_626085\" style=\"width: 470px\" class=\"wp-caption aligncenter\"><a href=\"https:\/\/www.diarioimagen.net\/?attachment_id=626085\" rel=\"attachment wp-att-626085\"><img loading=\"lazy\" decoding=\"async\" aria-describedby=\"caption-attachment-626085\" class=\"size-full wp-image-626085\" src=\"https:\/\/www.diarioimagen.net\/wp-content\/uploads\/2024\/07\/tribunal-6.jpg\" alt=\"\" width=\"460\" height=\"270\" srcset=\"https:\/\/www.diarioimagen.net\/wp-content\/uploads\/2024\/07\/tribunal-6.jpg 460w, https:\/\/www.diarioimagen.net\/wp-content\/uploads\/2024\/07\/tribunal-6-240x141.jpg 240w\" sizes=\"auto, (max-width: 460px) 100vw, 460px\" \/><\/a><p id=\"caption-attachment-626085\" class=\"wp-caption-text\">Recibieron los reconocimientos al lograr la capacitaci\u00f3n de la totalidad de su personal de estructura, 3,344 servidores p\u00fablicos, tanto del Tribunal Superior de Justicia como del Consejo de la Judicatura.<\/p><\/div>\n<p>&nbsp;<\/p>\n<p>El Poder Judicial de la Ciudad de M\u00e9xico (PJCDMX), que preside el magistrado Rafael Guerra \u00c1lvarez, recibi\u00f3 los reconocimientos <em>100% Capacitados<\/em> y <em>100% Capacitados Plus<\/em> <em>2024<\/em>, que entrega el Instituto de Transparencia, Acceso a la Informaci\u00f3n P\u00fablica, Protecci\u00f3n de Datos Personales y Rendici\u00f3n de Cuentas de la Ciudad de M\u00e9xico (Info-CDMX).<\/p>\n<p>Esto, al lograr la capacitaci\u00f3n de la totalidad de su personal de estructura, 3,344 servidores p\u00fablicos, tanto del Tribunal Superior de Justicia de la Ciudad de M\u00e9xico (TSJCDMX) como del Consejo de la Judicatura de la Ciudad de M\u00e9xico (CJCDMX), en su calidad de sujetos obligados, en las materias de transparencia, datos personales y, por primera ocasi\u00f3n, en organizaci\u00f3n de archivos.<\/p>\n<p>En el acto encabezado por el presidente del Info-CDMX, comisionado Rodrigo Guerrero Garc\u00eda, recibieron los reconocimientos, en representaci\u00f3n del magistrado Guerra \u00c1lvarez, el consejero de la Judicatura local, Ricardo Amezcua Gal\u00e1n, y el magistrado Rogelio Antol\u00edn Magos Morales, como presidentes de los comit\u00e9s de Transparencia del CJCDMX y del TSJCDMX, respectivamente.\u00a0 El PJCDMX form\u00f3 parte de un total de 74 sujetos obligados reconocidos de la capital del pa\u00eds con los galardones 100% Capacitado, de los cuales 61 tambi\u00e9n lograron el Plus, el cual se implement\u00f3 en 2023 por la capacitaci\u00f3n del personal en materia de organizaci\u00f3n de archivos.<\/p>\n<p>Estos reconocimientos refrendan el compromiso continuo con la transparencia y rendici\u00f3n de cuentas, a trav\u00e9s de servidores p\u00fablicos capacitados en beneficio de los habitantes de la Ciudad de M\u00e9xico.<\/p>\n","protected":false},"excerpt":{"rendered":"<p>El Poder Judicial de la Ciudad de M\u00e9xico (PJCDMX), que preside el magistrado Rafael Guerra \u00c1lvarez, recibi\u00f3 los reconocimientos 100% Capacitados y 100% Capacitados Plus 2024, que entrega el Instituto de Transparencia, Acceso a la Informaci\u00f3n P\u00fablica, Protecci\u00f3n de Datos Personales y Rendici\u00f3n de Cuentas de la Ciudad de M\u00e9xico (Info-CDMX).<\/p>\n","protected":false},"author":3,"featured_media":626085,"comment_status":"open","ping_status":"open","sticky":false,"template":"","format":"standard","meta":{"_monsterinsights_skip_tracking":false,"_monsterinsights_sitenote_active":false,"_monsterinsights_sitenote_note":"","_monsterinsights_sitenote_category":0,"footnotes":""},"categories":[6],"tags":[87379,12862],"class_list":["post-625989","post","type-post","status-publish","format-standard","has-post-thumbnail","hentry","category-cd-de-mexico","tag-pjcdmx","tag-reconocimiento"],"_links":{"self":[{"href":"https:\/\/www.diarioimagen.net\/index.php?rest_route=\/wp\/v2\/posts\/625989","targetHints":{"allow":["GET"]}}],"collection":[{"href":"https:\/\/www.diarioimagen.net\/index.php?rest_route=\/wp\/v2\/posts"}],"about":[{"href":"https:\/\/www.diarioimagen.net\/index.php?rest_route=\/wp\/v2\/types\/post"}],"author":[{"embeddable":true,"href":"https:\/\/www.diarioimagen.net\/index.php?rest_route=\/wp\/v2\/users\/3"}],"replies":[{"embeddable":true,"href":"https:\/\/www.diarioimagen.net\/index.php?rest_route=%2Fwp%2Fv2%2Fcomments&post=625989"}],"version-history":[{"count":0,"href":"https:\/\/www.diarioimagen.net\/index.php?rest_route=\/wp\/v2\/posts\/625989\/revisions"}],"wp:featuredmedia":[{"embeddable":true,"href":"https:\/\/www.diarioimagen.net\/index.php?rest_route=\/wp\/v2\/media\/626085"}],"wp:attachment":[{"href":"https:\/\/www.diarioimagen.net\/index.php?rest_route=%2Fwp%2Fv2%2Fmedia&parent=625989"}],"wp:term":[{"taxonomy":"category","embeddable":true,"href":"https:\/\/www.diarioimagen.net\/index.php?rest_route=%2Fwp%2Fv2%2Fcategories&post=625989"},{"taxonomy":"post_tag","embeddable":true,"href":"https:\/\/www.diarioimagen.net\/index.php?rest_route=%2Fwp%2Fv2%2Ftags&post=625989"}],"curies":[{"name":"wp","href":"https:\/\/api.w.org\/{rel}","templated":true}]}}