{"id":625993,"date":"2024-07-15T00:07:22","date_gmt":"2024-07-15T06:07:22","guid":{"rendered":"https:\/\/www.diarioimagen.net\/?p=625993"},"modified":"2024-07-15T21:43:27","modified_gmt":"2024-07-16T03:43:27","slug":"jose-juan-luna-padilla-es-invidente-y-en-la-uaemex-encontro-un-espacio-de-inclusion-para-estudiar","status":"publish","type":"post","link":"https:\/\/www.diarioimagen.net\/?p=625993","title":{"rendered":"Jos\u00e9 Juan Luna Padilla es invidente y en la UAEM\u00e9x encontr\u00f3 un espacio de inclusi\u00f3n\u00a0para\u00a0estudiar"},"content":{"rendered":"<p>&nbsp;<\/p>\n<div id=\"attachment_626083\" style=\"width: 470px\" class=\"wp-caption aligncenter\"><a href=\"https:\/\/www.diarioimagen.net\/?attachment_id=626083\" rel=\"attachment wp-att-626083\"><img loading=\"lazy\" decoding=\"async\" aria-describedby=\"caption-attachment-626083\" class=\"size-full wp-image-626083\" src=\"https:\/\/www.diarioimagen.net\/wp-content\/uploads\/2024\/07\/uaem-jose-juan.jpg\" alt=\"\" width=\"460\" height=\"270\" srcset=\"https:\/\/www.diarioimagen.net\/wp-content\/uploads\/2024\/07\/uaem-jose-juan.jpg 460w, https:\/\/www.diarioimagen.net\/wp-content\/uploads\/2024\/07\/uaem-jose-juan-240x141.jpg 240w\" sizes=\"auto, (max-width: 460px) 100vw, 460px\" \/><\/a><p id=\"caption-attachment-626083\" class=\"wp-caption-text\">Estudi\u00f3 la Licenciatura en Derecho en el Centro Universitario Ecatepec de la Universidad Aut\u00f3noma del Estado de M\u00e9xico.<\/p><\/div>\n<p>&nbsp;<\/p>\n<p><strong>Ecatepec, Estado de M\u00e9xico.\u2014<\/strong> Las oportunidades laborales y acad\u00e9micas para las personas con discapacidad son escasas y en la Universidad Aut\u00f3noma del Estado de M\u00e9xico (UAEM\u00e9x) encontr\u00e9 un espacio de inclusi\u00f3n, sensible, la posibilidad de concluir mis estudios de nivel superior y as\u00ed, aspirar a una mejor calidad de vida para m\u00ed y mi familia, sostuvo Jos\u00e9 Juan Luna Padilla, egresado de la Licenciatura en Derecho del Centro Universitario Ecatepec de la M\u00e1xima Casa de Estudios mexiquense.<\/p>\n<p>\u201cMi paso por la educaci\u00f3n primaria y secundaria fue de barreras inmensas. En aquellos a\u00f1os se desconoc\u00eda por completo la enfermedad que ten\u00eda y al acercarme a mis docentes no encontraba una respuesta para aprender en igualdad de condiciones que mis compa\u00f1eros\u201d, afirm\u00f3.<\/p>\n<p>Relat\u00f3 que en 1994 la retinitis pigmentaria \u2013enfermedad degenerativa que ocasiona la ceguera total- le impidi\u00f3 continuar con sus estudios de nivel superior en la UNAM. \u201cMi visi\u00f3n me limit\u00f3 bastante y no exist\u00eda la tecnolog\u00eda con la que hoy contamos. As\u00ed, tuve que dejar de lado mis deseos de estudiar, de prepararme\u201d.<\/p>\n<p>Desde 1991 y con una visi\u00f3n muy disminuida, narr\u00f3, me dediqu\u00e9 a la plomer\u00eda y tuve empleos en diferentes empresas y compa\u00f1\u00edas, pero siempre fue dif\u00edcil que mis compa\u00f1eros empatizaran con lo que, por ejemplo, implicaba salir de una tienda de autoservicio, que era donde generalmente trabajaba, y ya no poder ver los autos, los postes, las banquetas o a las mismas personas que me acompa\u00f1aban, a consecuencia de la cantidad de luz que hab\u00eda en el exterior.<\/p>\n<p>Abund\u00f3 que una vez que lleg\u00f3 la ceguera total y principalmente durante la pandemia, periodo en el cual la mayor\u00eda de las tiendas permanecieron cerradas, se dedic\u00f3 al comercio informal, comprando y vendiendo ropa y art\u00edculos usados. \u201cEs as\u00ed como me mantengo hasta la fecha, ya que para una persona con mi discapacidad es muy dif\u00edcil conseguir un empleo\u201d, dijo.<\/p>\n<p>En 2016 quise continuar con mis estudios en la Ciudad de M\u00e9xico, pero no lo logr\u00e9 y el siguiente a\u00f1o, indic\u00f3, un chico que me auxili\u00f3 en las instalaciones del Metro de la Ciudad de M\u00e9xico me habl\u00f3 de la instituci\u00f3n en la que \u00e9l hab\u00eda estudiado y fue as\u00ed como llegu\u00e9 al Centro Universitario Ecatepec, municipio en el que resido.<\/p>\n<p>En la UAEM\u00e9x, present\u00e9 mi examen de ingreso, lo aprob\u00e9 e inici\u00e9 mis estudios en 2017, a los 48 a\u00f1os de edad. Tuve una trayectoria acad\u00e9mica satisfactoria y ahora estoy estudiando el Diplomado Superior en Juicios Orales, con la finalidad de obtener mi t\u00edtulo profesional, cont\u00f3.<\/p>\n<p>Abund\u00f3 que realizar estudios de nivel superior con su discapacidad fue todo un reto, principalmente durante la pandemia; sin embargo, \u201cdesde el primer momento, cont\u00e9 con el apoyo de la comunidad del Centro Universitario Ecatepec. Estudiantes, docentes y administrativos me recibieron con los brazos abiertos\u201d, dijo.<\/p>\n<p>Puntualiz\u00f3 que algunos profesores se acercaron a preguntarle qu\u00e9 necesitaba y, por ejemplo, le ayudaron a resolver el obst\u00e1culo que signific\u00f3 el uso de la computadora. As\u00ed, sus primeras habilidades en el uso de la tecnolog\u00eda las adquiri\u00f3 en la UAEM\u00e9x.<\/p>\n<p>Por otra parte, asever\u00f3, \u201cprincipalmente en los primeros semestres, solicit\u00e9 apoyo de compa\u00f1eros de las diferentes carreras para que me prestaran su tiempo y ojos y me leyeran libros y documentos, que me permitieran grabarlos para poder repasar y preparar mis ex\u00e1menes. Tambi\u00e9n me permit\u00edan grabar las clases y me apoyaban para hacer mis tareas\u201d.<\/p>\n<p>Subray\u00f3 que durante la pandemia requiri\u00f3 de m\u00e1s conocimientos de la paqueter\u00eda de Office y al investigar, dio con la Universidad Nacional de Ingenier\u00eda de Per\u00fa, donde tom\u00f3 cursos en l\u00ednea y aprendi\u00f3 a manejar sistemas operativos adaptados para personas con baja visi\u00f3n o ciegas.<\/p>\n<p>Jos\u00e9 Juan Luna Padilla consider\u00f3 que realizar estudios de nivel superior ha sido un proceso con demasiadas barreras, \u201cpero gracias al apoyo que me brinda la UAEM\u00e9x, hoy estoy aqu\u00ed y sigo avanzando, aprendiendo\u201d.<\/p>\n<p>Sostuvo que concluir el diplomado y titularse le permitir\u00e1 cerrar un ciclo, pero no todo acabar\u00e1 ah\u00ed. \u201cEl t\u00edtulo profesional, por s\u00ed mismo, no me puede dar una calidad de vida y tengo que salir en b\u00fasqueda de un empleo, capacitarme para tratar de estar en igualdad de condiciones que los dem\u00e1s, luchar y postularme para un trabajo\u201d, dijo.<\/p>\n<p>Manifest\u00f3 que tratar\u00e1 de conseguir un empleo en el Archivo General de Notar\u00edas de la Ciudad de M\u00e9xico, \u201cdonde hice mis pr\u00e1cticas y me sent\u00ed muy a gusto. Tambi\u00e9n me gustar\u00eda dar clases de inform\u00e1tica a ciegas en la UAEM\u00e9x, sobre NVDA (Non Visual Desktop Access), un lector de pantalla libre y gratuito que permite a las personas ciegas usar ordenadores\u201d.<\/p>\n<p>Al respecto, enfatiz\u00f3 que \u201cme encantar\u00eda dejar en mi universidad una experiencia de vida, los conocimientos para que, en el futuro, personas con diferentes discapacidades tengan m\u00e1s facilidades para concluir sus estudios de nivel superior y tener una mejor calidad de vida\u201d.<\/p>\n<p>Resalt\u00f3 que le gustar\u00eda dar clases a quien lo requiera, trasmitir los conocimientos que adquiri\u00f3 para que otras personas con baja visi\u00f3n o ceguera puedan hacer uso de las tecnolog\u00edas de la informaci\u00f3n y comunicaciones. Por ello, dijo, sigo prepar\u00e1ndome en inform\u00e1tica a ciegas, tomando cursos y perfeccionando mis conocimientos al respecto.<\/p>\n<p>En este contexto, Jos\u00e9 Juan Luna Padilla recalc\u00f3 que \u201clos empleos y las oportunidades son escasas para las personas con discapacidad. La mayor\u00eda tenemos empleos informales y lo que ganamos no nos permite tener una verdadera calidad de vida\u201d.<\/p>\n<p>Puntualiz\u00f3 la importancia de que las personas con discapacidad cuenten con las oportunidades para continuar con su formaci\u00f3n acad\u00e9mica, \u201cque podamos seguir prepar\u00e1ndonos para superarnos y tener una mejor calidad de vida para nosotros y nuestras familias\u201d, dijo.<\/p>\n<p>Consider\u00f3 que para hacer efectivos los derechos de las personas con discapacidad, es necesario tomar todas las medidas pertinentes en los \u00e1mbitos legislativo, administrativo y de cualquier otra \u00edndole; incluso, si es necesario, modificar o derogar leyes, reglamentos, costumbres y pr\u00e1cticas que sean discriminatorias.<\/p>\n<p>Definitivamente, afirm\u00f3, en todos los espacios p\u00fablicos hace falta infraestructura para facilitar la movilidad de las personas con discapacidad. Hay zonas de riesgo en las que es necesario colocar gu\u00edas, barandales y pasamanos, lo necesario para que las personas con discapacidad, cualquiera que \u00e9sta sea, transitemos con seguridad.<\/p>\n<p>Soy una persona con discapacidad, con ceguera total, pero con toda la actitud para seguir avanzando y desarrollarme como persona. No fue f\u00e1cil realizar mis estudios de nivel superior, pero ahora doy gracias por estar aqu\u00ed. Hoy mi familia est\u00e1 sumamente orgullosa de m\u00ed, sobre todo mi hija, Cristina, y mi nieta, Tania Bel\u00e9n, que est\u00e1 muy motivada y ya piensa tambi\u00e9n en estudiar en la UAEM\u00e9x y seguir los pasos de su abuelo en la carrera de Derecho, concluy\u00f3 Jos\u00e9 Juan Luna Padilla.<\/p>\n","protected":false},"excerpt":{"rendered":"<p>Las oportunidades laborales y acad\u00e9micas para las personas con discapacidad son escasas y en la Universidad Aut\u00f3noma del Estado de M\u00e9xico (UAEM\u00e9x) encontr\u00e9 un espacio de inclusi\u00f3n, sensible, la posibilidad de concluir mis estudios de nivel superior y as\u00ed, aspirar a una mejor calidad de vida para m\u00ed y mi familia, sostuvo Jos\u00e9 Juan Luna Padilla, egresado de la Licenciatura en Derecho del Centro Universitario Ecatepec de la M\u00e1xima Casa de Estudios mexiquense.<\/p>\n","protected":false},"author":3,"featured_media":626083,"comment_status":"open","ping_status":"open","sticky":false,"template":"","format":"standard","meta":{"_monsterinsights_skip_tracking":false,"_monsterinsights_sitenote_active":false,"_monsterinsights_sitenote_note":"","_monsterinsights_sitenote_category":0,"footnotes":""},"categories":[5],"tags":[73087,70882,37385,67878],"class_list":["post-625993","post","type-post","status-publish","format-standard","has-post-thumbnail","hentry","category-estado-de-mexico","tag-ciego","tag-estudiar","tag-inclusion","tag-uaemex"],"_links":{"self":[{"href":"https:\/\/www.diarioimagen.net\/index.php?rest_route=\/wp\/v2\/posts\/625993","targetHints":{"allow":["GET"]}}],"collection":[{"href":"https:\/\/www.diarioimagen.net\/index.php?rest_route=\/wp\/v2\/posts"}],"about":[{"href":"https:\/\/www.diarioimagen.net\/index.php?rest_route=\/wp\/v2\/types\/post"}],"author":[{"embeddable":true,"href":"https:\/\/www.diarioimagen.net\/index.php?rest_route=\/wp\/v2\/users\/3"}],"replies":[{"embeddable":true,"href":"https:\/\/www.diarioimagen.net\/index.php?rest_route=%2Fwp%2Fv2%2Fcomments&post=625993"}],"version-history":[{"count":0,"href":"https:\/\/www.diarioimagen.net\/index.php?rest_route=\/wp\/v2\/posts\/625993\/revisions"}],"wp:featuredmedia":[{"embeddable":true,"href":"https:\/\/www.diarioimagen.net\/index.php?rest_route=\/wp\/v2\/media\/626083"}],"wp:attachment":[{"href":"https:\/\/www.diarioimagen.net\/index.php?rest_route=%2Fwp%2Fv2%2Fmedia&parent=625993"}],"wp:term":[{"taxonomy":"category","embeddable":true,"href":"https:\/\/www.diarioimagen.net\/index.php?rest_route=%2Fwp%2Fv2%2Fcategories&post=625993"},{"taxonomy":"post_tag","embeddable":true,"href":"https:\/\/www.diarioimagen.net\/index.php?rest_route=%2Fwp%2Fv2%2Ftags&post=625993"}],"curies":[{"name":"wp","href":"https:\/\/api.w.org\/{rel}","templated":true}]}}