{"id":625999,"date":"2024-07-15T00:01:37","date_gmt":"2024-07-15T06:01:37","guid":{"rendered":"https:\/\/www.diarioimagen.net\/?p=625999"},"modified":"2024-07-15T21:40:23","modified_gmt":"2024-07-16T03:40:23","slug":"mujeres-secretarias-son-el-motor-de-cualquier-administracion-dice-tomas-palomares-parra","status":"publish","type":"post","link":"https:\/\/www.diarioimagen.net\/?p=625999","title":{"rendered":"Mujeres secretarias son el motor de cualquier administraci\u00f3n, dice Tom\u00e1s Palomares Parra"},"content":{"rendered":"<p>&nbsp;<\/p>\n<ul>\n<li><strong><em>Destacan labor de suteymistas<\/em><\/strong><strong>\u00a0<\/strong><\/li>\n<\/ul>\n<p>&nbsp;<\/p>\n<h6>Arturo Baena<\/h6>\n<p>&nbsp;<\/p>\n<div id=\"attachment_626117\" style=\"width: 470px\" class=\"wp-caption aligncenter\"><a href=\"https:\/\/www.diarioimagen.net\/?attachment_id=626117\" rel=\"attachment wp-att-626117\"><img loading=\"lazy\" decoding=\"async\" aria-describedby=\"caption-attachment-626117\" class=\"size-full wp-image-626117\" src=\"https:\/\/www.diarioimagen.net\/wp-content\/uploads\/2024\/07\/mujeres-secretarias.jpg\" alt=\"\" width=\"460\" height=\"270\" srcset=\"https:\/\/www.diarioimagen.net\/wp-content\/uploads\/2024\/07\/mujeres-secretarias.jpg 460w, https:\/\/www.diarioimagen.net\/wp-content\/uploads\/2024\/07\/mujeres-secretarias-240x141.jpg 240w\" sizes=\"auto, (max-width: 460px) 100vw, 460px\" \/><\/a><p id=\"caption-attachment-626117\" class=\"wp-caption-text\">Tom\u00e1s Palomares Parra, secretario general del SUTEyM, secci\u00f3n Naucalpan, y la alcaldesa Ang\u00e9lica Moya presidieron el festejo a las mujeres secretarias en el Centro de Ferias y Exposiciones del Parque Naucalli.<\/p><\/div>\n<p>&nbsp;<\/p>\n<p><strong>Naucalpan, Estado de M\u00e9xico.\u2014<\/strong> \u201cLas mujeres secretar\u00edas de las diversas \u00e1reas del gobierno son el motor de cualquier administraci\u00f3n y esta no es la excepci\u00f3n, es por ello que reconocemos ampliamente la labor de las compa\u00f1eras suteymistas\u201d.<\/p>\n<p>As\u00ed lo expres\u00f3 Tom\u00e1s Palomares Parra, secretario general del Sindicato \u00danico de Trabajadores del Estado y sus Municipios (SUTEyM) secci\u00f3n Naucalpan, luego de exhortar a las secretar\u00edas a seguir dando lo mejor de s\u00ed en beneficio de la ciudadan\u00eda.<\/p>\n<p>\u201cJuntos, hemos superado diversas adversidades. Estoy plenamente seguro que gracias a su destacado desempe\u00f1o, son y ser\u00e1n una pieza fundamental de esta o cualquier administraci\u00f3n, tal y como lo han demostrado con anteriores gobiernos municipales\u201d, dijo.<\/p>\n<p>Durante el festejo, las asistentes al Centro de Ferias y Exposiciones (CEFE) del Parque Naucalli, disfrutaron a lo grande en su d\u00eda, adem\u00e1s de participar en la rifa de cientos de regalos preparados para ellas.<\/p>\n<p>Ah\u00ed, el secretario general del SUTEyM, Tom\u00e1s Palomares Parra, agradeci\u00f3 la presencia de la presidenta municipal, Ang\u00e9lica Moya, quien agradeci\u00f3 y reconoci\u00f3 la labor diaria que desempe\u00f1an en favor de la administraci\u00f3n y por supuesto, de los habitantes que viven en este municipio.<\/p>\n<p>Como invitados especiales, estuvieron el diputado David Parra S\u00e1nchez, Juanita Parra, as\u00ed como funcionarios de la actual administraci\u00f3n, entre otras personalidades.<\/p>\n","protected":false},"excerpt":{"rendered":"<p>\u201cLas mujeres secretar\u00edas de las diversas \u00e1reas del gobierno son el motor de cualquier administraci\u00f3n y esta no es la excepci\u00f3n, es por ello que reconocemos ampliamente la labor de las compa\u00f1eras suteymistas\u201d.<\/p>\n","protected":false},"author":3,"featured_media":626117,"comment_status":"open","ping_status":"open","sticky":false,"template":"","format":"standard","meta":{"_monsterinsights_skip_tracking":false,"_monsterinsights_sitenote_active":false,"_monsterinsights_sitenote_note":"","_monsterinsights_sitenote_category":0,"footnotes":""},"categories":[5],"tags":[43675,99987,1921,970,56429],"class_list":["post-625999","post","type-post","status-publish","format-standard","has-post-thumbnail","hentry","category-estado-de-mexico","tag-estado-de-mexico","tag-motor","tag-mujeres","tag-naucalpan","tag-tomas-palomares-parra"],"_links":{"self":[{"href":"https:\/\/www.diarioimagen.net\/index.php?rest_route=\/wp\/v2\/posts\/625999","targetHints":{"allow":["GET"]}}],"collection":[{"href":"https:\/\/www.diarioimagen.net\/index.php?rest_route=\/wp\/v2\/posts"}],"about":[{"href":"https:\/\/www.diarioimagen.net\/index.php?rest_route=\/wp\/v2\/types\/post"}],"author":[{"embeddable":true,"href":"https:\/\/www.diarioimagen.net\/index.php?rest_route=\/wp\/v2\/users\/3"}],"replies":[{"embeddable":true,"href":"https:\/\/www.diarioimagen.net\/index.php?rest_route=%2Fwp%2Fv2%2Fcomments&post=625999"}],"version-history":[{"count":0,"href":"https:\/\/www.diarioimagen.net\/index.php?rest_route=\/wp\/v2\/posts\/625999\/revisions"}],"wp:featuredmedia":[{"embeddable":true,"href":"https:\/\/www.diarioimagen.net\/index.php?rest_route=\/wp\/v2\/media\/626117"}],"wp:attachment":[{"href":"https:\/\/www.diarioimagen.net\/index.php?rest_route=%2Fwp%2Fv2%2Fmedia&parent=625999"}],"wp:term":[{"taxonomy":"category","embeddable":true,"href":"https:\/\/www.diarioimagen.net\/index.php?rest_route=%2Fwp%2Fv2%2Fcategories&post=625999"},{"taxonomy":"post_tag","embeddable":true,"href":"https:\/\/www.diarioimagen.net\/index.php?rest_route=%2Fwp%2Fv2%2Ftags&post=625999"}],"curies":[{"name":"wp","href":"https:\/\/api.w.org\/{rel}","templated":true}]}}