{"id":626001,"date":"2024-07-15T00:02:11","date_gmt":"2024-07-15T06:02:11","guid":{"rendered":"https:\/\/www.diarioimagen.net\/?p=626001"},"modified":"2024-07-15T00:52:56","modified_gmt":"2024-07-15T06:52:56","slug":"salud-mental-de-jovenes-izcallenses-nuestra-prioridad-karla-fiesco-garcia","status":"publish","type":"post","link":"https:\/\/www.diarioimagen.net\/?p=626001","title":{"rendered":"Salud mental de j\u00f3venes izcallenses, nuestra prioridad: Karla Fiesco Garc\u00eda"},"content":{"rendered":"<p>&nbsp;<\/p>\n<ul>\n<li><em><strong>Inaugura aula de atenci\u00f3n<\/strong><\/em><\/li>\n<\/ul>\n<p>&nbsp;<\/p>\n<div id=\"attachment_626119\" style=\"width: 470px\" class=\"wp-caption aligncenter\"><a href=\"https:\/\/www.diarioimagen.net\/?attachment_id=626119\" rel=\"attachment wp-att-626119\"><img loading=\"lazy\" decoding=\"async\" aria-describedby=\"caption-attachment-626119\" class=\"size-full wp-image-626119\" src=\"https:\/\/www.diarioimagen.net\/wp-content\/uploads\/2024\/07\/salud-mental-izcalli.jpg\" alt=\"\" width=\"460\" height=\"270\" srcset=\"https:\/\/www.diarioimagen.net\/wp-content\/uploads\/2024\/07\/salud-mental-izcalli.jpg 460w, https:\/\/www.diarioimagen.net\/wp-content\/uploads\/2024\/07\/salud-mental-izcalli-240x141.jpg 240w\" sizes=\"auto, (max-width: 460px) 100vw, 460px\" \/><\/a><p id=\"caption-attachment-626119\" class=\"wp-caption-text\">La alcaldesa Karla Fiesco Garc\u00eda inaugur\u00f3 el aula de atenci\u00f3n psicol\u00f3gica denominado \u201cAula Sana-Mente\u201d, la cual fue donada por el Grupo Educativo Palma.<\/p><\/div>\n<p>&nbsp;<\/p>\n<p><strong>Cuautitl\u00e1n Izcalli, Estado de M\u00e9xico.\u2014<\/strong> En un trabajo continuo por mejorar el bienestar mental de los j\u00f3venes, la presidenta municipal Karla Fiesco Garc\u00eda, inaugur\u00f3 el aula de atenci\u00f3n psicol\u00f3gica denominado \u201cAula Sana-Mente\u201d, la cual fue donada por el Grupo Educativo Palma y que brindar\u00e1 su servicio de forma totalmente gratuita.<\/p>\n<p>La alcaldesa agradeci\u00f3 el cambio y progreso que se tiene cada d\u00eda en las juventudes izcallenses, siendo estas la inspiraci\u00f3n para seguir trabajando y demostrando que el futuro se est\u00e1 escribiendo desde el presente y por ello no hay acciones que se tengan que postergar, \u201cen el gobierno izcallense, nos comprometemos a seguir apoyando, impulsando y brindando todas las herramientas necesarias para todos los j\u00f3venes\u201d, dijo.<\/p>\n<p>Este nuevo espacio est\u00e1 dise\u00f1ado para brindar apoyo a los j\u00f3venes que enfrentan problemas emocionales y psicol\u00f3gicos, es por ello que el aula contempla un consultorio de atenci\u00f3n psicol\u00f3gica, un aula recreativa de interacci\u00f3n y un call center para la l\u00ednea de atenci\u00f3n psicol\u00f3gica que se ofrece en colaboraci\u00f3n con la Universidad de Cuautitl\u00e1n Izcalli (UCI) con el n\u00famero telef\u00f3nico 5511134746, donde dicha l\u00ednea de ayuda estar\u00e1 en servicio de 10:00 a 18:00 hrs.<\/p>\n<p>Alexa Garc\u00eda, directora del Instituto Municipal de la Juventud Cuautitl\u00e1n Izcalli (IMJUCI) mencion\u00f3, que dicho proyecto no hubiera sido posible sin el apoyo de todos, agradeciendo a la presidenta municipal Karla Fiesco, porque en dos a\u00f1os y medio, logr\u00f3 hacer posible lo imposible haciendo historia en m\u00e1s de 150 mil j\u00f3venes, priorizando la salud mental y d\u00e1ndole voz a los que antes no hab\u00edan sido escuchados.<\/p>\n<p>Esta Aula Sana-Mente es uno de los tres espacios como el Centro de Autismo de Cuautitl\u00e1n Izcalli (CATCI) y Centro de Atenci\u00f3n Psicol\u00f3gica, Pedag\u00f3gica y Psiqui\u00e1trica de Cuautitl\u00e1n Izcalli (CAPPPCI), en brindar apoyo psicol\u00f3gico a la poblaci\u00f3n del territorio municipal.<\/p>\n","protected":false},"excerpt":{"rendered":"<p>En un trabajo continuo por mejorar el bienestar mental de los j\u00f3venes, la presidenta municipal Karla Fiesco Garc\u00eda, inaugur\u00f3 el aula de atenci\u00f3n psicol\u00f3gica denominado \u201cAula Sana-Mente\u201d, la cual fue donada por el Grupo Educativo Palma y que brindar\u00e1 su servicio de forma totalmente gratuita.<\/p>\n","protected":false},"author":3,"featured_media":626119,"comment_status":"open","ping_status":"open","sticky":false,"template":"","format":"standard","meta":{"_monsterinsights_skip_tracking":false,"_monsterinsights_sitenote_active":false,"_monsterinsights_sitenote_note":"","_monsterinsights_sitenote_category":0,"footnotes":""},"categories":[5],"tags":[971,43675,93011,43692],"class_list":["post-626001","post","type-post","status-publish","format-standard","has-post-thumbnail","hentry","category-estado-de-mexico","tag-cuautitlan-izcalli","tag-estado-de-mexico","tag-karla-fiesco-garcia","tag-salud"],"_links":{"self":[{"href":"https:\/\/www.diarioimagen.net\/index.php?rest_route=\/wp\/v2\/posts\/626001","targetHints":{"allow":["GET"]}}],"collection":[{"href":"https:\/\/www.diarioimagen.net\/index.php?rest_route=\/wp\/v2\/posts"}],"about":[{"href":"https:\/\/www.diarioimagen.net\/index.php?rest_route=\/wp\/v2\/types\/post"}],"author":[{"embeddable":true,"href":"https:\/\/www.diarioimagen.net\/index.php?rest_route=\/wp\/v2\/users\/3"}],"replies":[{"embeddable":true,"href":"https:\/\/www.diarioimagen.net\/index.php?rest_route=%2Fwp%2Fv2%2Fcomments&post=626001"}],"version-history":[{"count":0,"href":"https:\/\/www.diarioimagen.net\/index.php?rest_route=\/wp\/v2\/posts\/626001\/revisions"}],"wp:featuredmedia":[{"embeddable":true,"href":"https:\/\/www.diarioimagen.net\/index.php?rest_route=\/wp\/v2\/media\/626119"}],"wp:attachment":[{"href":"https:\/\/www.diarioimagen.net\/index.php?rest_route=%2Fwp%2Fv2%2Fmedia&parent=626001"}],"wp:term":[{"taxonomy":"category","embeddable":true,"href":"https:\/\/www.diarioimagen.net\/index.php?rest_route=%2Fwp%2Fv2%2Fcategories&post=626001"},{"taxonomy":"post_tag","embeddable":true,"href":"https:\/\/www.diarioimagen.net\/index.php?rest_route=%2Fwp%2Fv2%2Ftags&post=626001"}],"curies":[{"name":"wp","href":"https:\/\/api.w.org\/{rel}","templated":true}]}}