{"id":626003,"date":"2024-07-15T00:04:37","date_gmt":"2024-07-15T06:04:37","guid":{"rendered":"https:\/\/www.diarioimagen.net\/?p=626003"},"modified":"2024-07-15T00:53:58","modified_gmt":"2024-07-15T06:53:58","slug":"el-sistema-dif-naucalpan-invita-a-infantes-al-curso-de-verano-2024","status":"publish","type":"post","link":"https:\/\/www.diarioimagen.net\/?p=626003","title":{"rendered":"El sistema DIF Naucalpan invita a infantes al Curso de Verano 2024"},"content":{"rendered":"<p>&nbsp;<\/p>\n<ul>\n<li><em><strong>Del 22 de julio al 2 de agosto<\/strong><\/em><\/li>\n<\/ul>\n<p>&nbsp;<\/p>\n<div id=\"attachment_626121\" style=\"width: 470px\" class=\"wp-caption aligncenter\"><a href=\"https:\/\/www.diarioimagen.net\/?attachment_id=626121\" rel=\"attachment wp-att-626121\"><img loading=\"lazy\" decoding=\"async\" aria-describedby=\"caption-attachment-626121\" class=\"size-full wp-image-626121\" src=\"https:\/\/www.diarioimagen.net\/wp-content\/uploads\/2024\/07\/sistema-dif-naucalpan.jpg\" alt=\"\" width=\"460\" height=\"270\" srcset=\"https:\/\/www.diarioimagen.net\/wp-content\/uploads\/2024\/07\/sistema-dif-naucalpan.jpg 460w, https:\/\/www.diarioimagen.net\/wp-content\/uploads\/2024\/07\/sistema-dif-naucalpan-240x141.jpg 240w\" sizes=\"auto, (max-width: 460px) 100vw, 460px\" \/><\/a><p id=\"caption-attachment-626121\" class=\"wp-caption-text\">El DIF Naucalpan invita a ni\u00f1as y ni\u00f1os de 4 a 12 a\u00f1os al Curso de Verano 2024, que se efectuar\u00e1 del 22 de julio al 2 de agosto, con diversas actividades recreativas.<\/p><\/div>\n<p>&nbsp;<\/p>\n<p><strong>Naucalpan, Estado de M\u00e9xico.\u2014<\/strong> El Sistema Municipal para el Desarrollo Integral de la Familia (DIF) de esta localidad invita a ni\u00f1as y ni\u00f1os de 4 a 12 a\u00f1os al Curso de Verano 2024, que se efectuar\u00e1 del 22 de julio al 2 de agosto, con diversas actividades deportivas, culturales, manualidades, cocina, juegos psicomotrices, entre otras.<\/p>\n<p>La titular del DIF Naucalpan, Cynthia Elizondo Basurto, inform\u00f3 que el curso se llevar\u00e1 a cabo de 9:00 a 14:00 horas en las instalaciones del Jard\u00edn de Ni\u00f1os y Estancia Infantil Atenco, ubicadas en Ferrocarril Ac\u00e1mbaro n\u00famero 45, colonia El Conde (a un costado de los juzgados).<\/p>\n<p>Indic\u00f3 que las inscripciones estar\u00e1n abiertas del 8 al 19 de julio, de lunes a viernes de 09:00 a 16:00 horas en las oficinas de la Subdirecci\u00f3n de Asistencia a la Ni\u00f1ez, en el DIF Arcos, ubicado en Av. de los Arcos n\u00famero 1, colonia Naucalpan Centro.<\/p>\n<p>Elizondo Basurto explic\u00f3 que para la inscripci\u00f3n se deber\u00e1 presentar copia de la credencial del INE de la mam\u00e1, pap\u00e1 o tutor, as\u00ed como de las personas autorizadas para recoger al menor y CURP del ni\u00f1o o ni\u00f1a participante. Tambi\u00e9n el recibo de pago, que se realizar\u00e1 en cualquiera de las cajas del DIF Naucalpan.<\/p>\n<p>Los padres de familia deber\u00e1n llenar y firmar una carta responsiva, as\u00ed como conocer y acatar el reglamento del curso de verano, con el fin de brindar una sana convivencia entre los menores.<\/p>\n<p>Para mayor informaci\u00f3n o aclarar dudas, se deber\u00e1 llamar al tel\u00e9fono: 55-9257-6743, extensi\u00f3n 4006. Se recuerda que el cupo es limitado, por lo que es importante que se inscriban cuanto antes y no perderse de unas vacaciones muy divertidas.<\/p>\n","protected":false},"excerpt":{"rendered":"<p>El Sistema Municipal para el Desarrollo Integral de la Familia (DIF) de esta localidad invita a ni\u00f1as y ni\u00f1os de 4 a 12 a\u00f1os al Curso de Verano 2024, que se efectuar\u00e1 del 22 de julio al 2 de agosto, con diversas actividades deportivas, culturales, manualidades, cocina, juegos psicomotrices, entre otras.<\/p>\n","protected":false},"author":3,"featured_media":626121,"comment_status":"open","ping_status":"open","sticky":false,"template":"","format":"standard","meta":{"_monsterinsights_skip_tracking":false,"_monsterinsights_sitenote_active":false,"_monsterinsights_sitenote_note":"","_monsterinsights_sitenote_category":0,"footnotes":""},"categories":[5],"tags":[2954,43675,970],"class_list":["post-626003","post","type-post","status-publish","format-standard","has-post-thumbnail","hentry","category-estado-de-mexico","tag-dif","tag-estado-de-mexico","tag-naucalpan"],"_links":{"self":[{"href":"https:\/\/www.diarioimagen.net\/index.php?rest_route=\/wp\/v2\/posts\/626003","targetHints":{"allow":["GET"]}}],"collection":[{"href":"https:\/\/www.diarioimagen.net\/index.php?rest_route=\/wp\/v2\/posts"}],"about":[{"href":"https:\/\/www.diarioimagen.net\/index.php?rest_route=\/wp\/v2\/types\/post"}],"author":[{"embeddable":true,"href":"https:\/\/www.diarioimagen.net\/index.php?rest_route=\/wp\/v2\/users\/3"}],"replies":[{"embeddable":true,"href":"https:\/\/www.diarioimagen.net\/index.php?rest_route=%2Fwp%2Fv2%2Fcomments&post=626003"}],"version-history":[{"count":0,"href":"https:\/\/www.diarioimagen.net\/index.php?rest_route=\/wp\/v2\/posts\/626003\/revisions"}],"wp:featuredmedia":[{"embeddable":true,"href":"https:\/\/www.diarioimagen.net\/index.php?rest_route=\/wp\/v2\/media\/626121"}],"wp:attachment":[{"href":"https:\/\/www.diarioimagen.net\/index.php?rest_route=%2Fwp%2Fv2%2Fmedia&parent=626003"}],"wp:term":[{"taxonomy":"category","embeddable":true,"href":"https:\/\/www.diarioimagen.net\/index.php?rest_route=%2Fwp%2Fv2%2Fcategories&post=626003"},{"taxonomy":"post_tag","embeddable":true,"href":"https:\/\/www.diarioimagen.net\/index.php?rest_route=%2Fwp%2Fv2%2Ftags&post=626003"}],"curies":[{"name":"wp","href":"https:\/\/api.w.org\/{rel}","templated":true}]}}