{"id":626005,"date":"2024-07-15T00:03:49","date_gmt":"2024-07-15T06:03:49","guid":{"rendered":"https:\/\/www.diarioimagen.net\/?p=626005"},"modified":"2024-07-15T01:09:41","modified_gmt":"2024-07-15T07:09:41","slug":"califican-de-injusta-decision-del-teem-sobre-nueva-alianza-edomex","status":"publish","type":"post","link":"https:\/\/www.diarioimagen.net\/?p=626005","title":{"rendered":"Califican de injusta decisi\u00f3n del TEEM sobre Nueva Alianza-Edomex"},"content":{"rendered":"<p>&nbsp;<\/p>\n<p><a href=\"https:\/\/www.diarioimagen.net\/?attachment_id=626120\" rel=\"attachment wp-att-626120\"><img loading=\"lazy\" decoding=\"async\" class=\"aligncenter size-full wp-image-626120\" src=\"https:\/\/www.diarioimagen.net\/wp-content\/uploads\/2024\/07\/califican-de-injusta.jpg\" alt=\"\" width=\"460\" height=\"270\" srcset=\"https:\/\/www.diarioimagen.net\/wp-content\/uploads\/2024\/07\/califican-de-injusta.jpg 460w, https:\/\/www.diarioimagen.net\/wp-content\/uploads\/2024\/07\/califican-de-injusta-240x141.jpg 240w\" sizes=\"auto, (max-width: 460px) 100vw, 460px\" \/><\/a><\/p>\n<p>&nbsp;<\/p>\n<p><strong>Toluca, Estado de M\u00e9xico.\u2014 <\/strong>La dirigencia y la militancia de Nueva Alianza Estado de M\u00e9xico han expresado su desacuerdo y condenado la reciente decisi\u00f3n del Tribunal Electoral del Estado de M\u00e9xico (TEEM), que, seg\u00fan afirman, de manera injusta y arbitraria nombr\u00f3 un interventor para el partido.<\/p>\n<p>Nueva Alianza ha asegurado que esta decisi\u00f3n no implica la p\u00e9rdida de su registro en el Estado de M\u00e9xico. Argumentan que la resoluci\u00f3n del TEEM es una flagrante transgresi\u00f3n al principio de legalidad y representa un ataque directo y arbitrario contra una fuerza pol\u00edtica respaldada por m\u00e1s de 250,000 ciudadanos mexiquenses.<\/p>\n<p>El partido destaca que legalmente super\u00f3 el umbral del 3% de la votaci\u00f3n v\u00e1lida emitida en la elecci\u00f3n de Ayuntamientos, lo que les garantiza todas las condiciones legales y leg\u00edtimas para continuar como partido pol\u00edtico local.<\/p>\n","protected":false},"excerpt":{"rendered":"<p>La dirigencia y la militancia de Nueva Alianza Estado de M\u00e9xico han expresado su desacuerdo y condenado la reciente decisi\u00f3n del Tribunal Electoral del Estado de M\u00e9xico (TEEM), que, seg\u00fan afirman, de manera injusta y arbitraria nombr\u00f3 un interventor para el partido.<\/p>\n<p>Nueva Alianza ha<\/p>\n","protected":false},"author":3,"featured_media":626120,"comment_status":"open","ping_status":"open","sticky":false,"template":"","format":"standard","meta":{"_monsterinsights_skip_tracking":false,"_monsterinsights_sitenote_active":false,"_monsterinsights_sitenote_note":"","_monsterinsights_sitenote_category":0,"footnotes":""},"categories":[5],"tags":[2050,97069],"class_list":["post-626005","post","type-post","status-publish","format-standard","has-post-thumbnail","hentry","category-estado-de-mexico","tag-nueva-alianza","tag-teem"],"_links":{"self":[{"href":"https:\/\/www.diarioimagen.net\/index.php?rest_route=\/wp\/v2\/posts\/626005","targetHints":{"allow":["GET"]}}],"collection":[{"href":"https:\/\/www.diarioimagen.net\/index.php?rest_route=\/wp\/v2\/posts"}],"about":[{"href":"https:\/\/www.diarioimagen.net\/index.php?rest_route=\/wp\/v2\/types\/post"}],"author":[{"embeddable":true,"href":"https:\/\/www.diarioimagen.net\/index.php?rest_route=\/wp\/v2\/users\/3"}],"replies":[{"embeddable":true,"href":"https:\/\/www.diarioimagen.net\/index.php?rest_route=%2Fwp%2Fv2%2Fcomments&post=626005"}],"version-history":[{"count":0,"href":"https:\/\/www.diarioimagen.net\/index.php?rest_route=\/wp\/v2\/posts\/626005\/revisions"}],"wp:featuredmedia":[{"embeddable":true,"href":"https:\/\/www.diarioimagen.net\/index.php?rest_route=\/wp\/v2\/media\/626120"}],"wp:attachment":[{"href":"https:\/\/www.diarioimagen.net\/index.php?rest_route=%2Fwp%2Fv2%2Fmedia&parent=626005"}],"wp:term":[{"taxonomy":"category","embeddable":true,"href":"https:\/\/www.diarioimagen.net\/index.php?rest_route=%2Fwp%2Fv2%2Fcategories&post=626005"},{"taxonomy":"post_tag","embeddable":true,"href":"https:\/\/www.diarioimagen.net\/index.php?rest_route=%2Fwp%2Fv2%2Ftags&post=626005"}],"curies":[{"name":"wp","href":"https:\/\/api.w.org\/{rel}","templated":true}]}}