{"id":626007,"date":"2024-07-15T00:05:40","date_gmt":"2024-07-15T06:05:40","guid":{"rendered":"https:\/\/www.diarioimagen.net\/?p=626007"},"modified":"2024-07-15T00:45:49","modified_gmt":"2024-07-15T06:45:49","slug":"capacita-el-difem-a-profesionales-del-deporte-adaptado","status":"publish","type":"post","link":"https:\/\/www.diarioimagen.net\/?p=626007","title":{"rendered":"Capacita el DIFEM a profesionales del Deporte Adaptado"},"content":{"rendered":"<p>&nbsp;<\/p>\n<ul>\n<li><em><strong>Curso b\u00e1sico de Lengua de Se\u00f1as Mexicana<\/strong><\/em><\/li>\n<\/ul>\n<p>&nbsp;<\/p>\n<div id=\"attachment_626114\" style=\"width: 470px\" class=\"wp-caption aligncenter\"><a href=\"https:\/\/www.diarioimagen.net\/?attachment_id=626114\" rel=\"attachment wp-att-626114\"><img loading=\"lazy\" decoding=\"async\" aria-describedby=\"caption-attachment-626114\" class=\"size-full wp-image-626114\" src=\"https:\/\/www.diarioimagen.net\/wp-content\/uploads\/2024\/07\/capacita-difem.jpg\" alt=\"\" width=\"460\" height=\"270\" srcset=\"https:\/\/www.diarioimagen.net\/wp-content\/uploads\/2024\/07\/capacita-difem.jpg 460w, https:\/\/www.diarioimagen.net\/wp-content\/uploads\/2024\/07\/capacita-difem-240x141.jpg 240w\" sizes=\"auto, (max-width: 460px) 100vw, 460px\" \/><\/a><p id=\"caption-attachment-626114\" class=\"wp-caption-text\">El Sistema para el Desarrollo Integral de la Familia del Estado de M\u00e9xico (DIFEM) realiz\u00f3 el curso b\u00e1sico de Lengua de Se\u00f1as Mexicana para a profesionales del Deporte Adaptado.<\/p><\/div>\n<p>&nbsp;<\/p>\n<p><strong>Zinacantepec, Estado de M\u00e9xico.\u2014<\/strong> Como parte de las acciones en materia de inclusi\u00f3n social de personas en condici\u00f3n de discapacidad, que impulsa el gobierno de la maestra Delfina G\u00f3mez \u00c1lvarez, el Sistema para el Desarrollo Integral de la Familia del Estado de M\u00e9xico (DIFEM) realiz\u00f3 el curso b\u00e1sico de Lengua de Se\u00f1as Mexicana.<\/p>\n<p>Este curso est\u00e1 dirigido a servidores p\u00fablicos adscritos a la Subdirecci\u00f3n de Deporte Adaptado perteneciente a la Direcci\u00f3n General de Cultura F\u00edsica y Deporte de la Secretar\u00eda de Educaci\u00f3n, Ciencia, Tecnolog\u00eda e Innovaci\u00f3n.<\/p>\n<p>Es as\u00ed que Karina Labastida Sotelo, Directora General del DIFEM, se suma al tema de la inclusi\u00f3n, a trav\u00e9s de diversas estrategias e iniciativas puestas en marcha desde el organismo asistencial, como lo es este curso de Lengua de Se\u00f1as Mexicana.<\/p>\n<p>El curso de Lengua de Se\u00f1as est\u00e1 dise\u00f1ado en cuatro fases: b\u00e1sico; intermedio; avanzado 1 y avanzado 2.<\/p>\n<p>En la etapa b\u00e1sica, el curso tiene una duraci\u00f3n de tres meses, cuyas sesiones se realizan martes y jueves, en las que de inicio se experimenta c\u00f3mo es la comunicaci\u00f3n entre personas oyentes y personas sordas, sin que se conozca la lengua de se\u00f1as, y que busca entablarse por medio de ejercicios de m\u00edmica, expresi\u00f3n gestual o escrita.<\/p>\n<p>En este sentido, Elizabeth Jimena Rojas Casta\u00f1eda, una de las instructoras del curso refiri\u00f3 que esta primera etapa comprende elementos te\u00f3ricos, la historia de las personas sordas, c\u00f3mo acercarse a la primera comunicaci\u00f3n o los primeros di\u00e1logos, as\u00ed como el abecedario, la dactilolog\u00eda, vocabulario, se\u00f1as b\u00e1sicas, c\u00f3mo entablar una conversaci\u00f3n con una persona sorda a nivel general y un acercamiento a los Himnos Nacional y del Estado de M\u00e9xico, entre otros aspectos.<\/p>\n<p>En el intermedio, explic\u00f3, se estudia la estructura, la gram\u00e1tica, c\u00f3mo armar oraciones, c\u00f3mo comenzar a hacer traducciones de textos; en un nivel avanzado utilizar de manera m\u00e1s formal el uso de la Lengua de Se\u00f1as con sus complementos: la gram\u00e1tica tanto en la escritura como en la expresi\u00f3n, el uso de clasificadores, la expresi\u00f3n gestual y corporal.<\/p>\n<p>Agreg\u00f3 que en el nivel avanzado 2, comienza parte de la traducci\u00f3n, es decir, que cuando una persona oyente est\u00e9 hablando en alg\u00fan evento, como una conferencia, los alumnos sean capaces traducir y expresar, en Lengua de Se\u00f1as, lo que est\u00e1n escuchando, lo que est\u00e1n viendo o lo que est\u00e1n entendiendo para facilitar y apoyar a las personas sordas.<\/p>\n","protected":false},"excerpt":{"rendered":"<p>Como parte de las acciones en materia de inclusi\u00f3n social de personas en condici\u00f3n de discapacidad, que impulsa el gobierno de la maestra Delfina G\u00f3mez \u00c1lvarez, el Sistema para el Desarrollo Integral de la Familia del Estado de M\u00e9xico (DIFEM) realiz\u00f3 el curso b\u00e1sico de Lengua de Se\u00f1as Mexicana.<\/p>\n","protected":false},"author":3,"featured_media":626114,"comment_status":"open","ping_status":"open","sticky":false,"template":"","format":"standard","meta":{"_monsterinsights_skip_tracking":false,"_monsterinsights_sitenote_active":false,"_monsterinsights_sitenote_note":"","_monsterinsights_sitenote_category":0,"footnotes":""},"categories":[5,99730],"tags":[43680,394,43675,184],"class_list":["post-626007","post","type-post","status-publish","format-standard","has-post-thumbnail","hentry","category-estado-de-mexico","category-edomex","tag-deportes","tag-difem","tag-estado-de-mexico","tag-zinacantepec"],"_links":{"self":[{"href":"https:\/\/www.diarioimagen.net\/index.php?rest_route=\/wp\/v2\/posts\/626007","targetHints":{"allow":["GET"]}}],"collection":[{"href":"https:\/\/www.diarioimagen.net\/index.php?rest_route=\/wp\/v2\/posts"}],"about":[{"href":"https:\/\/www.diarioimagen.net\/index.php?rest_route=\/wp\/v2\/types\/post"}],"author":[{"embeddable":true,"href":"https:\/\/www.diarioimagen.net\/index.php?rest_route=\/wp\/v2\/users\/3"}],"replies":[{"embeddable":true,"href":"https:\/\/www.diarioimagen.net\/index.php?rest_route=%2Fwp%2Fv2%2Fcomments&post=626007"}],"version-history":[{"count":0,"href":"https:\/\/www.diarioimagen.net\/index.php?rest_route=\/wp\/v2\/posts\/626007\/revisions"}],"wp:featuredmedia":[{"embeddable":true,"href":"https:\/\/www.diarioimagen.net\/index.php?rest_route=\/wp\/v2\/media\/626114"}],"wp:attachment":[{"href":"https:\/\/www.diarioimagen.net\/index.php?rest_route=%2Fwp%2Fv2%2Fmedia&parent=626007"}],"wp:term":[{"taxonomy":"category","embeddable":true,"href":"https:\/\/www.diarioimagen.net\/index.php?rest_route=%2Fwp%2Fv2%2Fcategories&post=626007"},{"taxonomy":"post_tag","embeddable":true,"href":"https:\/\/www.diarioimagen.net\/index.php?rest_route=%2Fwp%2Fv2%2Ftags&post=626007"}],"curies":[{"name":"wp","href":"https:\/\/api.w.org\/{rel}","templated":true}]}}