{"id":626009,"date":"2024-07-15T00:06:03","date_gmt":"2024-07-15T06:06:03","guid":{"rendered":"https:\/\/www.diarioimagen.net\/?p=626009"},"modified":"2024-07-15T00:54:32","modified_gmt":"2024-07-15T06:54:32","slug":"estrategia-de-seguridad-de-delfina-gomez-baja-incidencia-delictiva-en-tenango-del-valle","status":"publish","type":"post","link":"https:\/\/www.diarioimagen.net\/?p=626009","title":{"rendered":"Estrategia de seguridad de Delfina G\u00f3mez baja incidencia delictiva en Tenango del Valle"},"content":{"rendered":"<p>&nbsp;<\/p>\n<h2 style=\"text-align: center;\">Instala Mesa de Coordinaci\u00f3n<br \/>\npara la Construcci\u00f3n de la Paz<\/h2>\n<p>&nbsp;<\/p>\n<ul>\n<li><strong><em>Se registra una disminuci\u00f3n del 16% en el total de delitos y de 18% en el caso de los delitos de alto impacto<\/em><\/strong><\/li>\n<\/ul>\n<p><strong>\u00a0<\/strong><\/p>\n<div id=\"attachment_626125\" style=\"width: 470px\" class=\"wp-caption aligncenter\"><a href=\"https:\/\/www.diarioimagen.net\/?attachment_id=626125\" rel=\"attachment wp-att-626125\"><img loading=\"lazy\" decoding=\"async\" aria-describedby=\"caption-attachment-626125\" class=\"size-full wp-image-626125\" src=\"https:\/\/www.diarioimagen.net\/wp-content\/uploads\/2024\/07\/estrategia-seguridad-delfina.jpg\" alt=\"\" width=\"460\" height=\"270\" srcset=\"https:\/\/www.diarioimagen.net\/wp-content\/uploads\/2024\/07\/estrategia-seguridad-delfina.jpg 460w, https:\/\/www.diarioimagen.net\/wp-content\/uploads\/2024\/07\/estrategia-seguridad-delfina-240x141.jpg 240w\" sizes=\"auto, (max-width: 460px) 100vw, 460px\" \/><\/a><p id=\"caption-attachment-626125\" class=\"wp-caption-text\">La gobernadora Delfina G\u00f3mez \u00c1lvarez instal\u00f3 la Mesa de Coordinaci\u00f3n para la Construcci\u00f3n de la Paz en Tenango del Valle.<\/p><\/div>\n<p>&nbsp;<\/p>\n<p><strong>Tenango del Valle, Estado de M\u00e9xico.\u2014<\/strong> La Gobernadora Delfina G\u00f3mez \u00c1lvarez instal\u00f3 la Mesa de Coordinaci\u00f3n para la Construcci\u00f3n de la Paz en Tenango del Valle, municipio que registra una disminuci\u00f3n del 16 por ciento en el total de delitos y de 18 por ciento en el caso de los delitos de alto impacto, de acuerdo con la Fiscal\u00eda General de Justicia del Estado de M\u00e9xico (FGJEM), entre el 1 de enero al 10 de julio de este a\u00f1o en comparaci\u00f3n con el mismo periodo de 2023.<\/p>\n<p>\u201cIniciamos este jueves con la Mesa de Coordinaci\u00f3n para la Construcci\u00f3n de la Paz en #TenangoDelValle. La @FiscaliaEdomex comparti\u00f3 informaci\u00f3n sobre la incidencia delictiva en el municipio, donde se registra una baja tanto en el total de delitos como en aquellos de alto impacto, del 1 de enero al 10 de julio en comparaci\u00f3n al mismo periodo de 2023. El trabajo en conjunto que hemos realizado autoridades federales, estatales y municipales ha permitido lograr estos resultados y seguimos por esta ruta para el bienestar de las familias mexiquenses. #ElPoderDeServir\u201d, public\u00f3 la Gobernadora Delfina G\u00f3mez en sus redes sociales.\u00a0 En el mismo an\u00e1lisis de la FGJEM qued\u00f3 de manifiesto que tambi\u00e9n han presentado una tendencia a la baja delitos como el robo de veh\u00edculos sin violencia, extorsi\u00f3n, robo a casa habitaci\u00f3n, a transporte de carga, a transe\u00fante y no se registra reporte por robo a transporte p\u00fablico, de acuerdo con el comparativo de incidencia delictiva 2023\/2024 en Tenango del Valle.<\/p>\n<p>En la reuni\u00f3n n\u00famero 205 de la gesti\u00f3n de la Maestra Delfina G\u00f3mez \u00c1lvarez, estuvieron Horacio Duarte Olivares, Secretario General de Gobierno; Carlos Alberto Hern\u00e1ndez Leyva, Subsecretario de Seguridad estatal; Jos\u00e9 Luis Cervantes Mart\u00ednez, Fiscal General de Justicia del Estado de M\u00e9xico; Roberto Bautista Arellano, Presidente Municipal de Tenango del Valle; as\u00ed como representantes de las Secretar\u00edas de la Defensa Nacional y de Marina; de la Guardia Nacional y del Centro Nacional de Inteligencia.<\/p>\n","protected":false},"excerpt":{"rendered":"<p>La Gobernadora Delfina G\u00f3mez \u00c1lvarez instal\u00f3 la Mesa de Coordinaci\u00f3n para la Construcci\u00f3n de la Paz en Tenango del Valle, municipio que registra una disminuci\u00f3n del 16 por ciento en el total de delitos y de 18 por ciento en el caso de los delitos de alto impacto, de acuerdo con la Fiscal\u00eda General de Justicia del Estado de M\u00e9xico (FGJEM), entre el 1 de enero al 10 de julio de este a\u00f1o en comparaci\u00f3n con el mismo periodo de 2023.<\/p>\n","protected":false},"author":3,"featured_media":626125,"comment_status":"open","ping_status":"open","sticky":false,"template":"","format":"standard","meta":{"_monsterinsights_skip_tracking":false,"_monsterinsights_sitenote_active":false,"_monsterinsights_sitenote_note":"","_monsterinsights_sitenote_category":0,"footnotes":""},"categories":[5,99730],"tags":[17625,4470,43677,8232],"class_list":["post-626009","post","type-post","status-publish","format-standard","has-post-thumbnail","hentry","category-estado-de-mexico","category-edomex","tag-construccion","tag-paz","tag-seguridad","tag-tenango-del-valle"],"_links":{"self":[{"href":"https:\/\/www.diarioimagen.net\/index.php?rest_route=\/wp\/v2\/posts\/626009","targetHints":{"allow":["GET"]}}],"collection":[{"href":"https:\/\/www.diarioimagen.net\/index.php?rest_route=\/wp\/v2\/posts"}],"about":[{"href":"https:\/\/www.diarioimagen.net\/index.php?rest_route=\/wp\/v2\/types\/post"}],"author":[{"embeddable":true,"href":"https:\/\/www.diarioimagen.net\/index.php?rest_route=\/wp\/v2\/users\/3"}],"replies":[{"embeddable":true,"href":"https:\/\/www.diarioimagen.net\/index.php?rest_route=%2Fwp%2Fv2%2Fcomments&post=626009"}],"version-history":[{"count":0,"href":"https:\/\/www.diarioimagen.net\/index.php?rest_route=\/wp\/v2\/posts\/626009\/revisions"}],"wp:featuredmedia":[{"embeddable":true,"href":"https:\/\/www.diarioimagen.net\/index.php?rest_route=\/wp\/v2\/media\/626125"}],"wp:attachment":[{"href":"https:\/\/www.diarioimagen.net\/index.php?rest_route=%2Fwp%2Fv2%2Fmedia&parent=626009"}],"wp:term":[{"taxonomy":"category","embeddable":true,"href":"https:\/\/www.diarioimagen.net\/index.php?rest_route=%2Fwp%2Fv2%2Fcategories&post=626009"},{"taxonomy":"post_tag","embeddable":true,"href":"https:\/\/www.diarioimagen.net\/index.php?rest_route=%2Fwp%2Fv2%2Ftags&post=626009"}],"curies":[{"name":"wp","href":"https:\/\/api.w.org\/{rel}","templated":true}]}}