{"id":626031,"date":"2024-07-15T00:03:31","date_gmt":"2024-07-15T06:03:31","guid":{"rendered":"https:\/\/www.diarioimagen.net\/?p=626031"},"modified":"2024-07-15T00:10:00","modified_gmt":"2024-07-15T06:10:00","slug":"atentados-contra-presidentes-en-usa-francia","status":"publish","type":"post","link":"https:\/\/www.diarioimagen.net\/?p=626031","title":{"rendered":"Atentados contra presidentes en\u00a0USA.\u00a0Francia"},"content":{"rendered":"<h2>Espacio Electoral<\/h2>\n<h5>Eleazar Flores<\/h5>\n<p>&nbsp;<\/p>\n<p><strong>UNO M\u00c1S-.<\/strong> Es larga la lista de atentados contra presidentes norteamericanos en los \u00faltimos a\u00f1os \u2014dos frustrados y un consumado\u2014, pero le advierto que la lista podr\u00eda ser incompleta, pues por la brevedad de este espacio, s\u00f3lo le escribo acerca de los \u00faltimos y m\u00e1s sobresalientes.<\/p>\n<p>Desde luego que resalta el magnicidio contra el ex presidente n\u00famero 35 de los Estados de la Uni\u00f3n, John Fitzgerald Kennedy, el 22 de noviembre de 1963, d\u00eda en que el martirologio romano conmemora a Santa Secilia, patrona de los m\u00fasicos del mundo para la fe cristiana. El atentado fue en Dallas en visita del matrimonio Kennedy<\/p>\n<p>Despu\u00e9s del fallido atentado contra el cuadrag\u00e9simo presidente, el republicano Ronald Reagan apenas dos meses despu\u00e9s de asumir el cargo. El frustrado atentado de la ex estrella del cine de vaqueros, fue el 30 de marzo de 198l a la salida del hotel Hilton en Washington.<\/p>\n<p>En otra entrega le escribir\u00e9 acerca de la visita del presidente Kennedy a M\u00e9xico, adem\u00e1s de otra figura mundial, el ex presidente galo Charles de Gaulle, cuando los pol\u00edticos mexicanos se \u201ccodeaban\u201d con sus colegas del PRIMER MUNDO. No es gratuita la conjunci\u00f3n que har\u00e9, tanto de Kennedy como de monsieur De Gaulle, pues ayer se conmemor\u00f3 el D\u00eda de la Bastilla, que hacia fuera se considera como de la Independencia de Francia.<\/p>\n<p>Adem\u00e1s, estamos a semana y media del inicio de los Juegos Ol\u00edmpicos a celebrarse en la Ciudad Luz\u2026 del vino, los cognacs, perfumes, pero tambi\u00e9n de artistas del canto y el cine, as\u00ed como escritores inmortales como Andr\u00e9 Murois y m\u00e1s, que dar\u00e9 en otro espacio por los muchos que faltan.<\/p>\n<p>Apenas el s\u00e1bado se registr\u00f3 otro atentado m\u00e1s, ahora en contra del \u201cpacifista\u201d ex presidente y hoy otra vez candidato presidencial Donald Trump, fallido por fortuna, pues por convicci\u00f3n personal, a nadie hay que desearle mal, menos la muerte, as\u00ed haya diferencias ideol\u00f3gicas abismales que distancien a\u00fan m\u00e1s a unos y otros.<\/p>\n<p>Ser\u00eda una palabra sin nombre o con dos para nombrar con precisi\u00f3n, el pensar que de este atentado se valore s\u00f3lo el \u00e1ngulo electoral y que el magnate Donald Trump saque ventajas para vencer con mayor facilidad al adversario dem\u00f3crata Joe Biden, quien por cierto no necesita tanta ayuda para debilitar su candidatura, tanto que sus mismos correligionarios desean cambiarlo.<\/p>\n<p>El s\u00e1bado mismo, los mercad\u00f3logos de la pol\u00edtica empezaban a difundir mayor ventaja del republicano.<\/p>\n<p><strong>JUSTIFICACI\u00d3N-.<\/strong> El conjuntar en pr\u00f3xima entrega a los ex presidentes Kennedy y De Gaulle se debe a que ambos fueron del y de primer mundo, la historia los bien ubica como referentes y por si fuera poco, los dos visitaron nuestro pa\u00eds, cuando gozaban de popularidad nacional e internacional como lo relataron los medios de comunicaci\u00f3n en su momento.<\/p>\n<p><em><a href=\"mailto:elefa44@gmail.com\" target=\"_blank\" rel=\"noopener noreferrer\">elefa44@gmail.com<\/a><\/em><\/p>\n","protected":false},"excerpt":{"rendered":"<p><span style=\"color: #005497;\"><strong>Eleazar Flores<\/strong><\/span><\/p>\n","protected":false},"author":3,"featured_media":0,"comment_status":"open","ping_status":"open","sticky":false,"template":"","format":"standard","meta":{"_monsterinsights_skip_tracking":false,"_monsterinsights_sitenote_active":false,"_monsterinsights_sitenote_note":"","_monsterinsights_sitenote_category":0,"footnotes":""},"categories":[81743],"tags":[81744,81776,43674],"class_list":["post-626031","post","type-post","status-publish","format-standard","hentry","category-eleazar-flores","tag-eleazar-flores","tag-espacio-electoral","tag-opinion"],"_links":{"self":[{"href":"https:\/\/www.diarioimagen.net\/index.php?rest_route=\/wp\/v2\/posts\/626031","targetHints":{"allow":["GET"]}}],"collection":[{"href":"https:\/\/www.diarioimagen.net\/index.php?rest_route=\/wp\/v2\/posts"}],"about":[{"href":"https:\/\/www.diarioimagen.net\/index.php?rest_route=\/wp\/v2\/types\/post"}],"author":[{"embeddable":true,"href":"https:\/\/www.diarioimagen.net\/index.php?rest_route=\/wp\/v2\/users\/3"}],"replies":[{"embeddable":true,"href":"https:\/\/www.diarioimagen.net\/index.php?rest_route=%2Fwp%2Fv2%2Fcomments&post=626031"}],"version-history":[{"count":0,"href":"https:\/\/www.diarioimagen.net\/index.php?rest_route=\/wp\/v2\/posts\/626031\/revisions"}],"wp:attachment":[{"href":"https:\/\/www.diarioimagen.net\/index.php?rest_route=%2Fwp%2Fv2%2Fmedia&parent=626031"}],"wp:term":[{"taxonomy":"category","embeddable":true,"href":"https:\/\/www.diarioimagen.net\/index.php?rest_route=%2Fwp%2Fv2%2Fcategories&post=626031"},{"taxonomy":"post_tag","embeddable":true,"href":"https:\/\/www.diarioimagen.net\/index.php?rest_route=%2Fwp%2Fv2%2Ftags&post=626031"}],"curies":[{"name":"wp","href":"https:\/\/api.w.org\/{rel}","templated":true}]}}