{"id":626506,"date":"2024-07-18T00:01:02","date_gmt":"2024-07-18T06:01:02","guid":{"rendered":"https:\/\/www.diarioimagen.net\/?p=626506"},"modified":"2024-07-18T22:06:42","modified_gmt":"2024-07-19T04:06:42","slug":"menores-de-edad-con-derecho-a-mantener-nombre-y-apellidos-pese-a-desconocimiento-de-paternidad","status":"publish","type":"post","link":"https:\/\/www.diarioimagen.net\/?p=626506","title":{"rendered":"Menores de edad, con derecho a mantener nombre y apellidos pese a desconocimiento de paternidad\u00a0"},"content":{"rendered":"<p>&nbsp;<\/p>\n<p>&nbsp;<\/p>\n<ul>\n<li><strong><em>As\u00ed lo se\u00f1al\u00f3 la Jueza Noveno Familiar de Proceso Oral del PJCDMX, Juana \u00c9rika Ord\u00f3\u00f1ez Salazar, al subrayar el inter\u00e9s superior del menor y espec\u00edficamente su derecho a la identidad<\/em><\/strong><\/li>\n<\/ul>\n<p>&nbsp;<\/p>\n<div id=\"attachment_626595\" style=\"width: 470px\" class=\"wp-caption aligncenter\"><a href=\"https:\/\/www.diarioimagen.net\/?attachment_id=626595\" rel=\"attachment wp-att-626595\"><img loading=\"lazy\" decoding=\"async\" aria-describedby=\"caption-attachment-626595\" class=\"wp-image-626595 size-full\" src=\"https:\/\/www.diarioimagen.net\/wp-content\/uploads\/2024\/07\/tribunal-8.jpg\" alt=\"\" width=\"460\" height=\"270\" srcset=\"https:\/\/www.diarioimagen.net\/wp-content\/uploads\/2024\/07\/tribunal-8.jpg 460w, https:\/\/www.diarioimagen.net\/wp-content\/uploads\/2024\/07\/tribunal-8-240x141.jpg 240w\" sizes=\"auto, (max-width: 460px) 100vw, 460px\" \/><\/a><p id=\"caption-attachment-626595\" class=\"wp-caption-text\">El presidente del PJCDMX, magistrado Rafael Guerra \u00c1lvarez \/ Jueza Noveno Familiar de Proceso Oral del PJCDMX, Juana \u00c9rika Ord\u00f3\u00f1ez Salazar.<\/p><\/div>\n<p>&nbsp;<\/p>\n<p>Ni\u00f1as, ni\u00f1os y adolescentes pueden preservar su nombre y apellidos con los que originalmente fueron registrados, pese a ser sujetos a desconocimiento de paternidad, y as\u00ed lo hacen valer juezas y jueces familiares de oralidad del Poder Judicial de la Ciudad de M\u00e9xico (PJCDMX), presidido por el magistrado Rafael Guerra \u00c1lvarez, para garantizar el inter\u00e9s superior del menor, y espec\u00edficamente su derecho a la identidad.<\/p>\n<p>As\u00ed lo se\u00f1al\u00f3 la jueza Noveno Familiar de Proceso Oral, Juana \u00c9rika Ord\u00f3\u00f1ez Salazar, quien explic\u00f3 que la consecuencia jur\u00eddica de un desconocimiento de paternidad implica que en el acta de nacimiento primigenia el nombre de la persona que en su momento lo registr\u00f3 quede en reserva, as\u00ed como el de los padres de este, que quedaron asentados como abuelos paternos.<\/p>\n<p>Se gira oficio al Registro Civil, precis\u00f3, el cual tendr\u00e1 que levantar una nueva acta de nacimiento, que solo deber\u00e1 contener el nombre de la madre y los nombres de los abuelos maternos, a fin de que quede asentado que ya no hay v\u00ednculo o filiaci\u00f3n legal entre menor de edad y aquel que en su momento lo registr\u00f3 como su padre.<\/p>\n<p>Ord\u00f3\u00f1ez Salazar precis\u00f3 que el desconocimiento de paternidad se da como consecuencia de un juicio familiar a solicitud del padre, que se debe acreditar mediante una prueba id\u00f3nea de car\u00e1cter cient\u00edfico que realiza un perito especialista en gen\u00e9tica molecular, a partir de muestras de saliva, sangre, o ambas, al menor de edad y al demandante, y de preferencia tambi\u00e9n a la madre.<\/p>\n<p>\u201cDerivado de ese estudio, los peritos nos hacen una conclusi\u00f3n en el sentido de si existe justamente ese nexo biol\u00f3gico entre el padre y el hijo que se pretende desconocer; nos dicen si es hijo biol\u00f3gico o no o hay una probabilidad de 99 por ciento de que no lo sean\u201d, abund\u00f3.<\/p>\n<p>Enfatiz\u00f3 que, ante esos casos, las y los jueces analizan cu\u00e1les ser\u00e1n las consecuencias jur\u00eddicas para el menor de edad, ya que como impartidores de justicia tienen la obligaci\u00f3n constitucional, y de las convenciones signadas por el Estado mexicano, de velar por el inter\u00e9s superior de ni\u00f1as, ni\u00f1os y adolescentes.<\/p>\n<p>\u201cAqu\u00ed como hay un conflicto entre el derecho de la mam\u00e1 y del pap\u00e1, tenemos nosotros que velar porque la determinaci\u00f3n que vayamos a tomar sea en beneficio del ni\u00f1o o el adolescente y no solamente del se\u00f1or\u201d, afirm\u00f3.<\/p>\n<p>En ese sentido, dijo que, aunque ya no habr\u00e1 filiaci\u00f3n padre-hijo, los juzgadores no pueden orillar al menor de edad a quedarse sin ciertos derechos; uno de ellos, precis\u00f3, el que tienen a la identidad, pues dijo que es su derecho conservar el nombre tal cual est\u00e1 en el acta primigenia con el que fue registrado.<\/p>\n","protected":false},"excerpt":{"rendered":"<p>Ni\u00f1as, ni\u00f1os y adolescentes pueden preservar su nombre y apellidos con los que originalmente fueron registrados, pese a ser sujetos a desconocimiento de paternidad, y as\u00ed lo hacen valer juezas y jueces familiares de oralidad del Poder Judicial de la Ciudad de M\u00e9xico (PJCDMX), presidido por el magistrado Rafael Guerra \u00c1lvarez, para garantizar el inter\u00e9s superior del menor, y espec\u00edficamente su derecho a la identidad.<\/p>\n","protected":false},"author":3,"featured_media":626595,"comment_status":"open","ping_status":"open","sticky":false,"template":"","format":"standard","meta":{"_monsterinsights_skip_tracking":false,"_monsterinsights_sitenote_active":false,"_monsterinsights_sitenote_note":"","_monsterinsights_sitenote_category":0,"footnotes":""},"categories":[6],"tags":[100336,95628,87379],"class_list":["post-626506","post","type-post","status-publish","format-standard","has-post-thumbnail","hentry","category-cd-de-mexico","tag-desconocimiento","tag-paternidad","tag-pjcdmx"],"_links":{"self":[{"href":"https:\/\/www.diarioimagen.net\/index.php?rest_route=\/wp\/v2\/posts\/626506","targetHints":{"allow":["GET"]}}],"collection":[{"href":"https:\/\/www.diarioimagen.net\/index.php?rest_route=\/wp\/v2\/posts"}],"about":[{"href":"https:\/\/www.diarioimagen.net\/index.php?rest_route=\/wp\/v2\/types\/post"}],"author":[{"embeddable":true,"href":"https:\/\/www.diarioimagen.net\/index.php?rest_route=\/wp\/v2\/users\/3"}],"replies":[{"embeddable":true,"href":"https:\/\/www.diarioimagen.net\/index.php?rest_route=%2Fwp%2Fv2%2Fcomments&post=626506"}],"version-history":[{"count":0,"href":"https:\/\/www.diarioimagen.net\/index.php?rest_route=\/wp\/v2\/posts\/626506\/revisions"}],"wp:featuredmedia":[{"embeddable":true,"href":"https:\/\/www.diarioimagen.net\/index.php?rest_route=\/wp\/v2\/media\/626595"}],"wp:attachment":[{"href":"https:\/\/www.diarioimagen.net\/index.php?rest_route=%2Fwp%2Fv2%2Fmedia&parent=626506"}],"wp:term":[{"taxonomy":"category","embeddable":true,"href":"https:\/\/www.diarioimagen.net\/index.php?rest_route=%2Fwp%2Fv2%2Fcategories&post=626506"},{"taxonomy":"post_tag","embeddable":true,"href":"https:\/\/www.diarioimagen.net\/index.php?rest_route=%2Fwp%2Fv2%2Ftags&post=626506"}],"curies":[{"name":"wp","href":"https:\/\/api.w.org\/{rel}","templated":true}]}}