{"id":626545,"date":"2024-07-18T00:02:51","date_gmt":"2024-07-18T06:02:51","guid":{"rendered":"https:\/\/www.diarioimagen.net\/?p=626545"},"modified":"2024-07-18T01:17:39","modified_gmt":"2024-07-18T07:17:39","slug":"perfume-de-gardenia-ya-tiene-a-su-elenco-completo","status":"publish","type":"post","link":"https:\/\/www.diarioimagen.net\/?p=626545","title":{"rendered":"Perfume de Gardenia ya tiene a su elenco completo"},"content":{"rendered":"<p>&nbsp;<\/p>\n<h2 style=\"text-align: center;\">Bajo la producci\u00f3n de Omar Su\u00e1rez<\/h2>\n<p>&nbsp;<\/p>\n<ul>\n<li><strong><em>Brillar\u00e1n en el escenario: Dulce, Laura Le\u00f3n y C\u00e9sar \u00c9vora<\/em><\/strong><\/li>\n<\/ul>\n<p>&nbsp;<\/p>\n<div id=\"attachment_626627\" style=\"width: 470px\" class=\"wp-caption aligncenter\"><a href=\"https:\/\/www.diarioimagen.net\/?attachment_id=626627\" rel=\"attachment wp-att-626627\"><img loading=\"lazy\" decoding=\"async\" aria-describedby=\"caption-attachment-626627\" class=\"size-full wp-image-626627\" src=\"https:\/\/www.diarioimagen.net\/wp-content\/uploads\/2024\/07\/perfume-de-gardenia.jpg\" alt=\"\" width=\"460\" height=\"270\" srcset=\"https:\/\/www.diarioimagen.net\/wp-content\/uploads\/2024\/07\/perfume-de-gardenia.jpg 460w, https:\/\/www.diarioimagen.net\/wp-content\/uploads\/2024\/07\/perfume-de-gardenia-240x141.jpg 240w\" sizes=\"auto, (max-width: 460px) 100vw, 460px\" \/><\/a><p id=\"caption-attachment-626627\" class=\"wp-caption-text\">Laura Le\u00f3n dijo \u201cme siento muy cobijada y agradecida con Dios, vamos a entregar lo mejor, tengo un personaje muy bonito, ser\u00e9 una fiera loca\u201d.<\/p><\/div>\n<p>&nbsp;<\/p>\n<p>En una conferencia el productor Omar Su\u00e1rez revel\u00f3 a los \u00faltimos artistas que conformar\u00e1n parte de su pr\u00f3xima temporada de Perfume de Gardenia, se trata nada m\u00e1s y nada menos que de las talentosas: Dulce, Laura Le\u00f3n y C\u00e9sar \u00c9vora.<\/p>\n<p>Laura Le\u00f3n mejor conocida como \u2018La Tesorito\u2019 dijo \u201cme siento muy cobijada, muy afortunada y agradecida con Dios de estos compa\u00f1eros, vamos a entregar lo mejor, tengo un personaje muy bonito, ser\u00e9 una fiera loca\u201d asever\u00f3 emocionada.<\/p>\n<p>Momentos despu\u00e9s Dulce expres\u00f3 \u201ces un privilegi\u00f3 estar aqu\u00ed, porque son personas que admiro mucho y agradezco mucho a Omar que es como mi hermano menor, me encanta trabajar con \u00e9l, me siento muy bien y feliz gozando de la vida. Mar\u00eda Victoria ser\u00e1 mi personaje, un personaje que ya hab\u00eda hecho, es la madre del que protagoniza Aracely Ar\u00e1mbula\u201d.<\/p>\n<p>Aclararon que ambas artistas cantar\u00e1n en vivo, por ejemplo, Dulce va a interpretar temas como: La pena negra, Coraz\u00f3n de acero y Noche de ronda; acompa\u00f1ada de la Sonora Santanera.<\/p>\n<p>Entre risas, Cesar \u00c9vora explic\u00f3 sobre su participaci\u00f3n \u201cyo no voy a cantar, voy a interpretar al padrino de Gardenia, un personaje muy completo, tienen que ver la obra me siento dignificado con este elenco, gracias Omar por invitarme es un reto impresionante por lo completos que son todos\u201d.<\/p>\n<p>Omar el productor agrega \u201chace 16 a\u00f1os se empez\u00f3 a escribir la obra, el personaje se cre\u00f3 para Laura Le\u00f3n, y hoy tengo la dicha de tenerla aqu\u00ed en el escenario, s\u00e9 que ella le va a dar el tono y el sabor, sacando esas virtudes que tiene, veremos su personalidad con la de Sonia Robles. Este proyecto tiene una fuerza que nadie podr\u00e1 parar\u201d.<\/p>\n<p>Perfume de Gardenia se presentar\u00e1 a partir del 10 de agosto en el Teatro San Rafael. Los boletos ya est\u00e1n a la venta en taquillas del teatro y en la p\u00e1gina de Ticketmaster. Y es de clasificaci\u00f3n para adolescentes y adultos.<\/p>\n","protected":false},"excerpt":{"rendered":"<p>En una conferencia el productor Omar Su\u00e1rez revel\u00f3 a los \u00faltimos artistas que conformar\u00e1n parte de su pr\u00f3xima temporada de Perfume de Gardenia, se trata nada m\u00e1s y nada menos que de las talentosas: Dulce, Laura Le\u00f3n y C\u00e9sar \u00c9vora.<\/p>\n","protected":false},"author":3,"featured_media":626627,"comment_status":"open","ping_status":"open","sticky":false,"template":"","format":"standard","meta":{"_monsterinsights_skip_tracking":false,"_monsterinsights_sitenote_active":false,"_monsterinsights_sitenote_note":"","_monsterinsights_sitenote_category":0,"footnotes":""},"categories":[48033],"tags":[63604,14598,88448,77128,23025,666],"class_list":["post-626545","post","type-post","status-publish","format-standard","has-post-thumbnail","hentry","category-teatro","tag-cesar-evora","tag-dulce","tag-elenco","tag-laura-leon","tag-perfume-de-gardenia","tag-teatro"],"_links":{"self":[{"href":"https:\/\/www.diarioimagen.net\/index.php?rest_route=\/wp\/v2\/posts\/626545","targetHints":{"allow":["GET"]}}],"collection":[{"href":"https:\/\/www.diarioimagen.net\/index.php?rest_route=\/wp\/v2\/posts"}],"about":[{"href":"https:\/\/www.diarioimagen.net\/index.php?rest_route=\/wp\/v2\/types\/post"}],"author":[{"embeddable":true,"href":"https:\/\/www.diarioimagen.net\/index.php?rest_route=\/wp\/v2\/users\/3"}],"replies":[{"embeddable":true,"href":"https:\/\/www.diarioimagen.net\/index.php?rest_route=%2Fwp%2Fv2%2Fcomments&post=626545"}],"version-history":[{"count":0,"href":"https:\/\/www.diarioimagen.net\/index.php?rest_route=\/wp\/v2\/posts\/626545\/revisions"}],"wp:featuredmedia":[{"embeddable":true,"href":"https:\/\/www.diarioimagen.net\/index.php?rest_route=\/wp\/v2\/media\/626627"}],"wp:attachment":[{"href":"https:\/\/www.diarioimagen.net\/index.php?rest_route=%2Fwp%2Fv2%2Fmedia&parent=626545"}],"wp:term":[{"taxonomy":"category","embeddable":true,"href":"https:\/\/www.diarioimagen.net\/index.php?rest_route=%2Fwp%2Fv2%2Fcategories&post=626545"},{"taxonomy":"post_tag","embeddable":true,"href":"https:\/\/www.diarioimagen.net\/index.php?rest_route=%2Fwp%2Fv2%2Ftags&post=626545"}],"curies":[{"name":"wp","href":"https:\/\/api.w.org\/{rel}","templated":true}]}}