{"id":626666,"date":"2024-07-19T00:09:01","date_gmt":"2024-07-19T06:09:01","guid":{"rendered":"https:\/\/www.diarioimagen.net\/?p=626666"},"modified":"2024-07-21T23:09:08","modified_gmt":"2024-07-22T05:09:08","slug":"deporte-herramienta-util-para-superar-tus-miedos-maria-rebeca-sanchez-vega-arquera-de-la-uaemex","status":"publish","type":"post","link":"https:\/\/www.diarioimagen.net\/?p=626666","title":{"rendered":"Deporte, herramienta \u00fatil para superar tus miedos: Mar\u00eda Rebeca S\u00e1nchez Vega, arquera de la UAEM\u00e9x"},"content":{"rendered":"<p>&nbsp;<\/p>\n<div id=\"attachment_626764\" style=\"width: 470px\" class=\"wp-caption aligncenter\"><a href=\"https:\/\/www.diarioimagen.net\/?attachment_id=626764\" rel=\"attachment wp-att-626764\"><img loading=\"lazy\" decoding=\"async\" aria-describedby=\"caption-attachment-626764\" class=\"size-full wp-image-626764\" src=\"https:\/\/www.diarioimagen.net\/wp-content\/uploads\/2024\/07\/uaem-deporte.jpg\" alt=\"\" width=\"460\" height=\"270\" srcset=\"https:\/\/www.diarioimagen.net\/wp-content\/uploads\/2024\/07\/uaem-deporte.jpg 460w, https:\/\/www.diarioimagen.net\/wp-content\/uploads\/2024\/07\/uaem-deporte-240x141.jpg 240w\" sizes=\"auto, (max-width: 460px) 100vw, 460px\" \/><\/a><p id=\"caption-attachment-626764\" class=\"wp-caption-text\">La exponente de tiro con arco concili\u00f3 el tiempo dedicado al deporte, as\u00ed como a su desarrollo profesional dentro de la Licenciatura en Qu\u00edmica Farmac\u00e9utica Bi\u00f3loga.<\/p><\/div>\n<p>&nbsp;<\/p>\n<p><strong>Toluca, Estado de M\u00e9xico.\u2013 <\/strong>Mar\u00eda Rebeca S\u00e1nchez Vega, egresada de la Facultad de Qu\u00edmica de la Universidad Aut\u00f3noma del Estado de M\u00e9xico (UAEM\u00e9x), obtuvo la medalla de plata en tiro con arco de la Universiada Nacional 2024, realizada en Aguascalientes.<\/p>\n<p>\u201cEste a\u00f1o fui m\u00e1s consciente de lo que quer\u00eda; sin duda, mi objetivo para conseguirlo fue trabajar m\u00e1s por una medalla, pero definitivamente me qued\u00e9 con ganas de traerme la de oro\u201d, explic\u00f3 la egresada de la Licenciatura en Qu\u00edmica Farmac\u00e9utica Bi\u00f3loga.<\/p>\n<p>S\u00e1nchez Vega, quien se encontr\u00f3 con el deporte, espec\u00edficamente con la disciplina de tiro con arco, a los 11 a\u00f1os, comparti\u00f3 que haber ganado la medalla de plata, logrando as\u00ed ascender al segundo lugar del podio, fue producto de su dedicaci\u00f3n, esfuerzo y sacrificio, cualidades que se desarrollan y fortalecen a lo largo de su preparaci\u00f3n.<\/p>\n<p>Desde que lleg\u00f3 a la UAEM\u00e9x logr\u00f3 llevar de la mano la Licenciatura en Qu\u00edmica Farmac\u00e9utica Bi\u00f3loga y, al mismo tiempo, sus pr\u00e1cticas de tiro con arco. \u201cNo me afect\u00f3 porque fue en tiempo de pandemia y programaba mis tiempos para entrenar\u201d.<\/p>\n<p>Rebe, como tambi\u00e9n es conocida por su equipo, recuerda que su incursi\u00f3n en el deporte comenz\u00f3 cuando cursaba la educaci\u00f3n primaria, iniciando en nataci\u00f3n, y en la secundaria jug\u00f3 basquetbol. Otra competencia que le permiti\u00f3 consolidarse como deportista fue su participaci\u00f3n en sus terceros juegos de la Comisi\u00f3n Nacional de Cultura F\u00edsica y Deporte (CONADE) 2024, que se realizaron en Guadalajara donde logr\u00f3 colgarse dos medallas de bronce.<\/p>\n<p>De la mano de su entrenador, Alejandro Santib\u00e1\u00f1ez, busca seguir construyendo y enriqueciendo su carrera deportiva en tiro con arco, ya que hoy en d\u00eda para Rebeca es una parte importante en su vida. \u201cYo siempre he dicho que pararme en la l\u00ednea y tomar el arco es dejar todo, es un momento zen en el que est\u00e1 tu mente en blanco, respiras y sientes c\u00f3mo el arco es una parte de ti, porque t\u00fa lo manipulas, considerando que es un 50% y el otro 50% eres t\u00fa, y finalmente el 100% la mente\u201d.<\/p>\n<p>Concluy\u00f3 que valores como la perseverancia, responsabilidad, dedicaci\u00f3n y ser sensible son fundamentales para desarrollarse en el \u00e1mbito deportivo, pero tambi\u00e9n en lo profesional. A sus colegas de nuevas generaciones desea compartir que siempre hay puntos por mejorar, que lo intenten, aunque los cambios siempre cuestan y exista el miedo, siempre habr\u00e1 una recompensa.<\/p>\n","protected":false},"excerpt":{"rendered":"<p>Mar\u00eda Rebeca S\u00e1nchez Vega, egresada de la Facultad de Qu\u00edmica de la Universidad Aut\u00f3noma del Estado de M\u00e9xico (UAEM\u00e9x), obtuvo la medalla de plata en tiro con arco de la Universiada Nacional 2024, realizada en Aguascalientes.<\/p>\n","protected":false},"author":3,"featured_media":626764,"comment_status":"open","ping_status":"open","sticky":false,"template":"","format":"standard","meta":{"_monsterinsights_skip_tracking":false,"_monsterinsights_sitenote_active":false,"_monsterinsights_sitenote_note":"","_monsterinsights_sitenote_category":0,"footnotes":""},"categories":[5],"tags":[100351,100350],"class_list":["post-626666","post","type-post","status-publish","format-standard","has-post-thumbnail","hentry","category-estado-de-mexico","tag-arquera","tag-uaemex-deportes"],"_links":{"self":[{"href":"https:\/\/www.diarioimagen.net\/index.php?rest_route=\/wp\/v2\/posts\/626666","targetHints":{"allow":["GET"]}}],"collection":[{"href":"https:\/\/www.diarioimagen.net\/index.php?rest_route=\/wp\/v2\/posts"}],"about":[{"href":"https:\/\/www.diarioimagen.net\/index.php?rest_route=\/wp\/v2\/types\/post"}],"author":[{"embeddable":true,"href":"https:\/\/www.diarioimagen.net\/index.php?rest_route=\/wp\/v2\/users\/3"}],"replies":[{"embeddable":true,"href":"https:\/\/www.diarioimagen.net\/index.php?rest_route=%2Fwp%2Fv2%2Fcomments&post=626666"}],"version-history":[{"count":0,"href":"https:\/\/www.diarioimagen.net\/index.php?rest_route=\/wp\/v2\/posts\/626666\/revisions"}],"wp:featuredmedia":[{"embeddable":true,"href":"https:\/\/www.diarioimagen.net\/index.php?rest_route=\/wp\/v2\/media\/626764"}],"wp:attachment":[{"href":"https:\/\/www.diarioimagen.net\/index.php?rest_route=%2Fwp%2Fv2%2Fmedia&parent=626666"}],"wp:term":[{"taxonomy":"category","embeddable":true,"href":"https:\/\/www.diarioimagen.net\/index.php?rest_route=%2Fwp%2Fv2%2Fcategories&post=626666"},{"taxonomy":"post_tag","embeddable":true,"href":"https:\/\/www.diarioimagen.net\/index.php?rest_route=%2Fwp%2Fv2%2Ftags&post=626666"}],"curies":[{"name":"wp","href":"https:\/\/api.w.org\/{rel}","templated":true}]}}